
{"id":11606,"date":"2024-09-19T10:29:28","date_gmt":"2024-09-19T09:29:28","guid":{"rendered":"https:\/\/www.agadir-oufella.ma\/?p=11606"},"modified":"2024-09-19T10:37:36","modified_gmt":"2024-09-19T09:37:36","slug":"nouveaux-horaires-de-visite-pour-la-kasbah-dagadir-oufella","status":"publish","type":"post","link":"https:\/\/www.agadir-oufella.ma\/fr\/nouveaux-horaires-de-visite-pour-la-kasbah-dagadir-oufella\/","title":{"rendered":"Nouveaux horaires de visite pour la Kasbah d&rsquo;Agadir Oufella"},"content":{"rendered":"<section class=\"intro\" data-aos=\"fade-up\">\n        <div >\n        <p>Chers visiteurs et amateurs de patrimoine,<\/p>\n<p>Nous sommes ravis de vous annoncer la mise \u00e0 jour des horaires d&rsquo;ouverture de la Kasbah d&rsquo;Agadir Oufella. Pour vous permettre de profiter pleinement de ce joyau historique, voici les nouvelles plages horaires \u00e0 retenir :<\/p>\n    <\/div>\n<\/section>\n\n\n\n<section class=\"visuel\">\n    <div class=\"wrapper\" data-aos=\"fade-down\">\n        <picture>\n                          <img class=\"lazyload\" data-src=\"https:\/\/www.agadir-oufella.ma\/wp-content\/uploads\/2024\/09\/horaire-agof-2-1104x564.jpg\" width=\"1104\" height=\"564\" alt=\"\" decoding=\"async\" draggable=\"false\" \/>\n                    <\/picture>\n    <\/div>\n<\/section>\n\n\n\n<section class=\"intro\" data-aos=\"fade-up\">\n        <h2> Heures d&rsquo;ouverture <\/h2>\n        <div >\n        <p>Horaires r\u00e9guliers (hors \u00e9t\u00e9) :<br \/>\nLa Kasbah vous accueille tous les jours de 9h \u00e0 19h. Que vous soyez un l\u00e8ve-t\u00f4t ou que vous pr\u00e9f\u00e9riez les visites en fin de journ\u00e9e, vous trouverez le moment id\u00e9al pour explorer ce site embl\u00e9matique.<\/p>\n<p>Horaires d&rsquo;\u00e9t\u00e9 :<br \/>\nPour profiter des longues journ\u00e9es estivales, la Kasbah \u00e9tend ses horaires d&rsquo;ouverture. Durant la saison estivale, les portes seront ouvertes de 10h \u00e0 20h, vous offrant ainsi la possibilit\u00e9 de d\u00e9couvrir le site sous la douce lumi\u00e8re du soir.<\/p>\n<p>Important \u00e0 noter :<br \/>\nQuelle que soit la saison, la derni\u00e8re admission se fait une heure avant la fermeture. Nous vous conseillons donc de planifier votre visite en cons\u00e9quence pour profiter pleinement de votre exp\u00e9rience.<\/p>\n<p>Ces nouveaux horaires ont \u00e9t\u00e9 pens\u00e9s pour offrir une plus grande flexibilit\u00e9 \u00e0 nos visiteurs, qu&rsquo;ils soient locaux ou touristes. Que vous souhaitiez admirer le lever du soleil sur la ville d&rsquo;Agadir ou profiter d&rsquo;un coucher de soleil spectaculaire depuis les remparts, la Kasbah d&rsquo;Agadir Oufella vous ouvre sa porte.<\/p>\n<p>N&rsquo;oubliez pas de consulter notre site web www.agadir-oufella.ma pour toute information compl\u00e9mentaire ou mise \u00e0 jour \u00e9ventuelle des horaires.<\/p>\n<p>Nous vous attendons avec impatience pour vous faire d\u00e9couvrir ou red\u00e9couvrir ce lieu charg\u00e9 d&rsquo;histoire et offrant une vue imprenable sur Agadir et l&rsquo;oc\u00e9an Atlantique.<\/p>\n<p>\u00c0 tr\u00e8s bient\u00f4t \u00e0 la Kasbah d&rsquo;Agadir Oufella !<\/p>\n    <\/div>\n<\/section>\n\n\n\n\n<div style=\"height:25px\" aria-hidden=\"true\" class=\"wp-block-spacer\"><\/div>\n\n\n\n<div style=\"height:25px\" aria-hidden=\"true\" class=\"wp-block-spacer\"><\/div>\n","protected":false},"excerpt":{"rendered":"","protected":false},"author":6,"featured_media":11618,"comment_status":"open","ping_status":"open","sticky":false,"template":"","format":"standard","meta":{"inline_featured_image":false,"footnotes":""},"categories":[68],"tags":[],"class_list":["post-11606","post","type-post","status-publish","format-standard","has-post-thumbnail","hentry","category-actualite"],"featured_image_src":"https:\/\/www.agadir-oufella.ma\/wp-content\/uploads\/2024\/09\/horaire-agof-2-1024x523.jpg","blog_images":{"medium":"https:\/\/www.agadir-oufella.ma\/wp-content\/uploads\/2024\/09\/horaire-agof-2-300x153.jpg","large":"https:\/\/www.agadir-oufella.ma\/wp-content\/uploads\/2024\/09\/horaire-agof-2-1024x523.jpg"},"yoast_head":"<!-- This site is optimized with the Yoast SEO plugin v25.0 - https:\/\/yoast.com\/wordpress\/plugins\/seo\/ -->\n<title>Nouveaux horaires de visite pour la Kasbah d&#039;Agadir Oufella - Kasbah d&#039;Agadir Oufella<\/title>\n<meta name=\"robots\" content=\"index, follow, max-snippet:-1, max-image-preview:large, max-video-preview:-1\" \/>\n<link rel=\"canonical\" href=\"https:\/\/www.agadir-oufella.ma\/fr\/nouveaux-horaires-de-visite-pour-la-kasbah-dagadir-oufella\/\" \/>\n<meta property=\"og:locale\" content=\"fr_FR\" \/>\n<meta property=\"og:type\" content=\"article\" \/>\n<meta property=\"og:title\" content=\"Nouveaux horaires de visite pour la Kasbah d&#039;Agadir Oufella - Kasbah d&#039;Agadir Oufella\" \/>\n<meta property=\"og:url\" content=\"https:\/\/www.agadir-oufella.ma\/fr\/nouveaux-horaires-de-visite-pour-la-kasbah-dagadir-oufella\/\" \/>\n<meta property=\"og:site_name\" content=\"Kasbah d&#039;Agadir Oufella\" \/>\n<meta property=\"article:published_time\" content=\"2024-09-19T09:29:28+00:00\" \/>\n<meta property=\"article:modified_time\" content=\"2024-09-19T09:37:36+00:00\" \/>\n<meta property=\"og:image\" content=\"https:\/\/www.agadir-oufella.ma\/wp-content\/uploads\/2024\/09\/horaire-agof-2.jpg\" \/>\n\t<meta property=\"og:image:width\" content=\"1106\" \/>\n\t<meta property=\"og:image:height\" content=\"565\" \/>\n\t<meta property=\"og:image:type\" content=\"image\/jpeg\" \/>\n<meta name=\"author\" content=\"Imane MOKTADIR\" \/>\n<meta name=\"twitter:card\" content=\"summary_large_image\" \/>\n<meta name=\"twitter:label1\" content=\"\u00c9crit par\" \/>\n\t<meta name=\"twitter:data1\" content=\"Imane MOKTADIR\" \/>\n\t<meta name=\"twitter:label2\" content=\"Dur\u00e9e de lecture estim\u00e9e\" \/>\n\t<meta name=\"twitter:data2\" content=\"1 minute\" \/>\n<script type=\"application\/ld+json\" class=\"yoast-schema-graph\">{\"@context\":\"https:\/\/schema.org\",\"@graph\":[{\"@type\":\"Article\",\"@id\":\"https:\/\/www.agadir-oufella.ma\/fr\/nouveaux-horaires-de-visite-pour-la-kasbah-dagadir-oufella\/#article\",\"isPartOf\":{\"@id\":\"https:\/\/www.agadir-oufella.ma\/fr\/nouveaux-horaires-de-visite-pour-la-kasbah-dagadir-oufella\/\"},\"author\":{\"name\":\"Imane MOKTADIR\",\"@id\":\"https:\/\/www.agadir-oufella.ma\/fr\/#\/schema\/person\/cb885d18865ea974ab5992f98db22bed\"},\"headline\":\"Nouveaux horaires de visite pour la Kasbah d&rsquo;Agadir Oufella\",\"datePublished\":\"2024-09-19T09:29:28+00:00\",\"dateModified\":\"2024-09-19T09:37:36+00:00\",\"mainEntityOfPage\":{\"@id\":\"https:\/\/www.agadir-oufella.ma\/fr\/nouveaux-horaires-de-visite-pour-la-kasbah-dagadir-oufella\/\"},\"wordCount\":10,\"commentCount\":0,\"publisher\":{\"@id\":\"https:\/\/www.agadir-oufella.ma\/fr\/#organization\"},\"image\":{\"@id\":\"https:\/\/www.agadir-oufella.ma\/fr\/nouveaux-horaires-de-visite-pour-la-kasbah-dagadir-oufella\/#primaryimage\"},\"thumbnailUrl\":\"https:\/\/www.agadir-oufella.ma\/wp-content\/uploads\/2024\/09\/horaire-agof-2.jpg\",\"articleSection\":[\"Actualit\u00e9\"],\"inLanguage\":\"fr-FR\",\"potentialAction\":[{\"@type\":\"CommentAction\",\"name\":\"Comment\",\"target\":[\"https:\/\/www.agadir-oufella.ma\/fr\/nouveaux-horaires-de-visite-pour-la-kasbah-dagadir-oufella\/#respond\"]}]},{\"@type\":\"WebPage\",\"@id\":\"https:\/\/www.agadir-oufella.ma\/fr\/nouveaux-horaires-de-visite-pour-la-kasbah-dagadir-oufella\/\",\"url\":\"https:\/\/www.agadir-oufella.ma\/fr\/nouveaux-horaires-de-visite-pour-la-kasbah-dagadir-oufella\/\",\"name\":\"Nouveaux horaires de visite pour la Kasbah d'Agadir Oufella - Kasbah d&#039;Agadir Oufella\",\"isPartOf\":{\"@id\":\"https:\/\/www.agadir-oufella.ma\/fr\/#website\"},\"primaryImageOfPage\":{\"@id\":\"https:\/\/www.agadir-oufella.ma\/fr\/nouveaux-horaires-de-visite-pour-la-kasbah-dagadir-oufella\/#primaryimage\"},\"image\":{\"@id\":\"https:\/\/www.agadir-oufella.ma\/fr\/nouveaux-horaires-de-visite-pour-la-kasbah-dagadir-oufella\/#primaryimage\"},\"thumbnailUrl\":\"https:\/\/www.agadir-oufella.ma\/wp-content\/uploads\/2024\/09\/horaire-agof-2.jpg\",\"datePublished\":\"2024-09-19T09:29:28+00:00\",\"dateModified\":\"2024-09-19T09:37:36+00:00\",\"breadcrumb\":{\"@id\":\"https:\/\/www.agadir-oufella.ma\/fr\/nouveaux-horaires-de-visite-pour-la-kasbah-dagadir-oufella\/#breadcrumb\"},\"inLanguage\":\"fr-FR\",\"potentialAction\":[{\"@type\":\"ReadAction\",\"target\":[\"https:\/\/www.agadir-oufella.ma\/fr\/nouveaux-horaires-de-visite-pour-la-kasbah-dagadir-oufella\/\"]}]},{\"@type\":\"ImageObject\",\"inLanguage\":\"fr-FR\",\"@id\":\"https:\/\/www.agadir-oufella.ma\/fr\/nouveaux-horaires-de-visite-pour-la-kasbah-dagadir-oufella\/#primaryimage\",\"url\":\"https:\/\/www.agadir-oufella.ma\/wp-content\/uploads\/2024\/09\/horaire-agof-2.jpg\",\"contentUrl\":\"https:\/\/www.agadir-oufella.ma\/wp-content\/uploads\/2024\/09\/horaire-agof-2.jpg\",\"width\":1106,\"height\":565},{\"@type\":\"BreadcrumbList\",\"@id\":\"https:\/\/www.agadir-oufella.ma\/fr\/nouveaux-horaires-de-visite-pour-la-kasbah-dagadir-oufella\/#breadcrumb\",\"itemListElement\":[{\"@type\":\"ListItem\",\"position\":1,\"name\":\"Accueil\",\"item\":\"https:\/\/www.agadir-oufella.ma\/fr\/\"},{\"@type\":\"ListItem\",\"position\":2,\"name\":\"Nouveaux horaires de visite pour la Kasbah d&rsquo;Agadir Oufella\"}]},{\"@type\":\"WebSite\",\"@id\":\"https:\/\/www.agadir-oufella.ma\/fr\/#website\",\"url\":\"https:\/\/www.agadir-oufella.ma\/fr\/\",\"name\":\"Kasbah d&#039;Agadir Oufella\",\"description\":\"\",\"publisher\":{\"@id\":\"https:\/\/www.agadir-oufella.ma\/fr\/#organization\"},\"potentialAction\":[{\"@type\":\"SearchAction\",\"target\":{\"@type\":\"EntryPoint\",\"urlTemplate\":\"https:\/\/www.agadir-oufella.ma\/fr\/?s={search_term_string}\"},\"query-input\":{\"@type\":\"PropertyValueSpecification\",\"valueRequired\":true,\"valueName\":\"search_term_string\"}}],\"inLanguage\":\"fr-FR\"},{\"@type\":\"Organization\",\"@id\":\"https:\/\/www.agadir-oufella.ma\/fr\/#organization\",\"name\":\"Kasbah d&#039;Agadir Oufella\",\"url\":\"https:\/\/www.agadir-oufella.ma\/fr\/\",\"logo\":{\"@type\":\"ImageObject\",\"inLanguage\":\"fr-FR\",\"@id\":\"https:\/\/www.agadir-oufella.ma\/fr\/#\/schema\/logo\/image\/\",\"url\":\"https:\/\/www.agadir-oufella.ma\/wp-content\/uploads\/2023\/09\/LOGOAGOF.svg\",\"contentUrl\":\"https:\/\/www.agadir-oufella.ma\/wp-content\/uploads\/2023\/09\/LOGOAGOF.svg\",\"width\":150,\"height\":150,\"caption\":\"Kasbah d&#039;Agadir Oufella\"},\"image\":{\"@id\":\"https:\/\/www.agadir-oufella.ma\/fr\/#\/schema\/logo\/image\/\"}},{\"@type\":\"Person\",\"@id\":\"https:\/\/www.agadir-oufella.ma\/fr\/#\/schema\/person\/cb885d18865ea974ab5992f98db22bed\",\"name\":\"Imane MOKTADIR\",\"image\":{\"@type\":\"ImageObject\",\"inLanguage\":\"fr-FR\",\"@id\":\"https:\/\/www.agadir-oufella.ma\/fr\/#\/schema\/person\/image\/\",\"url\":\"https:\/\/secure.gravatar.com\/avatar\/cab7ee4af61fdd4816a10ddcee0a679e217abdf58a2e349ff04ec951c95ba1dc?s=96&d=mm&r=g\",\"contentUrl\":\"https:\/\/secure.gravatar.com\/avatar\/cab7ee4af61fdd4816a10ddcee0a679e217abdf58a2e349ff04ec951c95ba1dc?s=96&d=mm&r=g\",\"caption\":\"Imane MOKTADIR\"},\"url\":\"https:\/\/www.agadir-oufella.ma\/fr\/author\/imane\/\"}]}<\/script>\n<!-- \/ Yoast SEO plugin. -->","yoast_head_json":{"title":"Nouveaux horaires de visite pour la Kasbah d'Agadir Oufella - Kasbah d&#039;Agadir Oufella","robots":{"index":"index","follow":"follow","max-snippet":"max-snippet:-1","max-image-preview":"max-image-preview:large","max-video-preview":"max-video-preview:-1"},"canonical":"https:\/\/www.agadir-oufella.ma\/fr\/nouveaux-horaires-de-visite-pour-la-kasbah-dagadir-oufella\/","og_locale":"fr_FR","og_type":"article","og_title":"Nouveaux horaires de visite pour la Kasbah d'Agadir Oufella - Kasbah d&#039;Agadir Oufella","og_url":"https:\/\/www.agadir-oufella.ma\/fr\/nouveaux-horaires-de-visite-pour-la-kasbah-dagadir-oufella\/","og_site_name":"Kasbah d&#039;Agadir Oufella","article_published_time":"2024-09-19T09:29:28+00:00","article_modified_time":"2024-09-19T09:37:36+00:00","og_image":[{"width":1106,"height":565,"url":"https:\/\/www.agadir-oufella.ma\/wp-content\/uploads\/2024\/09\/horaire-agof-2.jpg","type":"image\/jpeg"}],"author":"Imane MOKTADIR","twitter_card":"summary_large_image","twitter_misc":{"\u00c9crit par":"Imane MOKTADIR","Dur\u00e9e de lecture estim\u00e9e":"1 minute"},"schema":{"@context":"https:\/\/schema.org","@graph":[{"@type":"Article","@id":"https:\/\/www.agadir-oufella.ma\/fr\/nouveaux-horaires-de-visite-pour-la-kasbah-dagadir-oufella\/#article","isPartOf":{"@id":"https:\/\/www.agadir-oufella.ma\/fr\/nouveaux-horaires-de-visite-pour-la-kasbah-dagadir-oufella\/"},"author":{"name":"Imane MOKTADIR","@id":"https:\/\/www.agadir-oufella.ma\/fr\/#\/schema\/person\/cb885d18865ea974ab5992f98db22bed"},"headline":"Nouveaux horaires de visite pour la Kasbah d&rsquo;Agadir Oufella","datePublished":"2024-09-19T09:29:28+00:00","dateModified":"2024-09-19T09:37:36+00:00","mainEntityOfPage":{"@id":"https:\/\/www.agadir-oufella.ma\/fr\/nouveaux-horaires-de-visite-pour-la-kasbah-dagadir-oufella\/"},"wordCount":10,"commentCount":0,"publisher":{"@id":"https:\/\/www.agadir-oufella.ma\/fr\/#organization"},"image":{"@id":"https:\/\/www.agadir-oufella.ma\/fr\/nouveaux-horaires-de-visite-pour-la-kasbah-dagadir-oufella\/#primaryimage"},"thumbnailUrl":"https:\/\/www.agadir-oufella.ma\/wp-content\/uploads\/2024\/09\/horaire-agof-2.jpg","articleSection":["Actualit\u00e9"],"inLanguage":"fr-FR","potentialAction":[{"@type":"CommentAction","name":"Comment","target":["https:\/\/www.agadir-oufella.ma\/fr\/nouveaux-horaires-de-visite-pour-la-kasbah-dagadir-oufella\/#respond"]}]},{"@type":"WebPage","@id":"https:\/\/www.agadir-oufella.ma\/fr\/nouveaux-horaires-de-visite-pour-la-kasbah-dagadir-oufella\/","url":"https:\/\/www.agadir-oufella.ma\/fr\/nouveaux-horaires-de-visite-pour-la-kasbah-dagadir-oufella\/","name":"Nouveaux horaires de visite pour la Kasbah d'Agadir Oufella - Kasbah d&#039;Agadir Oufella","isPartOf":{"@id":"https:\/\/www.agadir-oufella.ma\/fr\/#website"},"primaryImageOfPage":{"@id":"https:\/\/www.agadir-oufella.ma\/fr\/nouveaux-horaires-de-visite-pour-la-kasbah-dagadir-oufella\/#primaryimage"},"image":{"@id":"https:\/\/www.agadir-oufella.ma\/fr\/nouveaux-horaires-de-visite-pour-la-kasbah-dagadir-oufella\/#primaryimage"},"thumbnailUrl":"https:\/\/www.agadir-oufella.ma\/wp-content\/uploads\/2024\/09\/horaire-agof-2.jpg","datePublished":"2024-09-19T09:29:28+00:00","dateModified":"2024-09-19T09:37:36+00:00","breadcrumb":{"@id":"https:\/\/www.agadir-oufella.ma\/fr\/nouveaux-horaires-de-visite-pour-la-kasbah-dagadir-oufella\/#breadcrumb"},"inLanguage":"fr-FR","potentialAction":[{"@type":"ReadAction","target":["https:\/\/www.agadir-oufella.ma\/fr\/nouveaux-horaires-de-visite-pour-la-kasbah-dagadir-oufella\/"]}]},{"@type":"ImageObject","inLanguage":"fr-FR","@id":"https:\/\/www.agadir-oufella.ma\/fr\/nouveaux-horaires-de-visite-pour-la-kasbah-dagadir-oufella\/#primaryimage","url":"https:\/\/www.agadir-oufella.ma\/wp-content\/uploads\/2024\/09\/horaire-agof-2.jpg","contentUrl":"https:\/\/www.agadir-oufella.ma\/wp-content\/uploads\/2024\/09\/horaire-agof-2.jpg","width":1106,"height":565},{"@type":"BreadcrumbList","@id":"https:\/\/www.agadir-oufella.ma\/fr\/nouveaux-horaires-de-visite-pour-la-kasbah-dagadir-oufella\/#breadcrumb","itemListElement":[{"@type":"ListItem","position":1,"name":"Accueil","item":"https:\/\/www.agadir-oufella.ma\/fr\/"},{"@type":"ListItem","position":2,"name":"Nouveaux horaires de visite pour la Kasbah d&rsquo;Agadir Oufella"}]},{"@type":"WebSite","@id":"https:\/\/www.agadir-oufella.ma\/fr\/#website","url":"https:\/\/www.agadir-oufella.ma\/fr\/","name":"Kasbah d&#039;Agadir Oufella","description":"","publisher":{"@id":"https:\/\/www.agadir-oufella.ma\/fr\/#organization"},"potentialAction":[{"@type":"SearchAction","target":{"@type":"EntryPoint","urlTemplate":"https:\/\/www.agadir-oufella.ma\/fr\/?s={search_term_string}"},"query-input":{"@type":"PropertyValueSpecification","valueRequired":true,"valueName":"search_term_string"}}],"inLanguage":"fr-FR"},{"@type":"Organization","@id":"https:\/\/www.agadir-oufella.ma\/fr\/#organization","name":"Kasbah d&#039;Agadir Oufella","url":"https:\/\/www.agadir-oufella.ma\/fr\/","logo":{"@type":"ImageObject","inLanguage":"fr-FR","@id":"https:\/\/www.agadir-oufella.ma\/fr\/#\/schema\/logo\/image\/","url":"https:\/\/www.agadir-oufella.ma\/wp-content\/uploads\/2023\/09\/LOGOAGOF.svg","contentUrl":"https:\/\/www.agadir-oufella.ma\/wp-content\/uploads\/2023\/09\/LOGOAGOF.svg","width":150,"height":150,"caption":"Kasbah d&#039;Agadir Oufella"},"image":{"@id":"https:\/\/www.agadir-oufella.ma\/fr\/#\/schema\/logo\/image\/"}},{"@type":"Person","@id":"https:\/\/www.agadir-oufella.ma\/fr\/#\/schema\/person\/cb885d18865ea974ab5992f98db22bed","name":"Imane MOKTADIR","image":{"@type":"ImageObject","inLanguage":"fr-FR","@id":"https:\/\/www.agadir-oufella.ma\/fr\/#\/schema\/person\/image\/","url":"https:\/\/secure.gravatar.com\/avatar\/cab7ee4af61fdd4816a10ddcee0a679e217abdf58a2e349ff04ec951c95ba1dc?s=96&d=mm&r=g","contentUrl":"https:\/\/secure.gravatar.com\/avatar\/cab7ee4af61fdd4816a10ddcee0a679e217abdf58a2e349ff04ec951c95ba1dc?s=96&d=mm&r=g","caption":"Imane MOKTADIR"},"url":"https:\/\/www.agadir-oufella.ma\/fr\/author\/imane\/"}]}},"_links":{"self":[{"href":"https:\/\/www.agadir-oufella.ma\/fr\/wp-json\/wp\/v2\/posts\/11606","targetHints":{"allow":["GET"]}}],"collection":[{"href":"https:\/\/www.agadir-oufella.ma\/fr\/wp-json\/wp\/v2\/posts"}],"about":[{"href":"https:\/\/www.agadir-oufella.ma\/fr\/wp-json\/wp\/v2\/types\/post"}],"author":[{"embeddable":true,"href":"https:\/\/www.agadir-oufella.ma\/fr\/wp-json\/wp\/v2\/users\/6"}],"replies":[{"embeddable":true,"href":"https:\/\/www.agadir-oufella.ma\/fr\/wp-json\/wp\/v2\/comments?post=11606"}],"version-history":[{"count":5,"href":"https:\/\/www.agadir-oufella.ma\/fr\/wp-json\/wp\/v2\/posts\/11606\/revisions"}],"predecessor-version":[{"id":11627,"href":"https:\/\/www.agadir-oufella.ma\/fr\/wp-json\/wp\/v2\/posts\/11606\/revisions\/11627"}],"wp:featuredmedia":[{"embeddable":true,"href":"https:\/\/www.agadir-oufella.ma\/fr\/wp-json\/wp\/v2\/media\/11618"}],"wp:attachment":[{"href":"https:\/\/www.agadir-oufella.ma\/fr\/wp-json\/wp\/v2\/media?parent=11606"}],"wp:term":[{"taxonomy":"category","embeddable":true,"href":"https:\/\/www.agadir-oufella.ma\/fr\/wp-json\/wp\/v2\/categories?post=11606"},{"taxonomy":"post_tag","embeddable":true,"href":"https:\/\/www.agadir-oufella.ma\/fr\/wp-json\/wp\/v2\/tags?post=11606"}],"curies":[{"name":"wp","href":"https:\/\/api.w.org\/{rel}","templated":true}]}}