
{"id":1449,"date":"2021-07-03T15:00:22","date_gmt":"2021-07-03T14:00:22","guid":{"rendered":"https:\/\/www.agadir-oufella.ma\/?p=1449"},"modified":"2023-04-26T08:28:55","modified_gmt":"2023-04-26T08:28:55","slug":"visite-des-rescapes-et-de-la-societe-civile-a-la-kasbah","status":"publish","type":"post","link":"https:\/\/www.agadir-oufella.ma\/fr\/visite-des-rescapes-et-de-la-societe-civile-a-la-kasbah\/","title":{"rendered":"Visite des rescap\u00e9s et de la soci\u00e9t\u00e9 civile \u00e0 la Kasbah"},"content":{"rendered":"<section class=\"intro\" data-aos=\"fade-up\">\n        <div >\n        <section style=\"width: 100%; display: block; margin: auto;\">\n<figure class=\"wp-block-video\"><video src=\"https:\/\/www.agadir-oufella.ma\/wp-content\/uploads\/2022\/07\/Agadir-Oufella-Visite-des-rescapes-et-de-la-societe-civile-a-la-Kasbah-Juillet-2021-2.mp4\" controls=\"controls\" width=\"100%\" height=\"100%\"><\/video><\/figure>\n<\/section>\n    <\/div>\n<\/section>\n\n","protected":false},"excerpt":{"rendered":"","protected":false},"author":1,"featured_media":1477,"comment_status":"open","ping_status":"open","sticky":false,"template":"","format":"standard","meta":{"inline_featured_image":false,"footnotes":""},"categories":[16],"tags":[],"class_list":["post-1449","post","type-post","status-publish","format-standard","has-post-thumbnail","hentry","category-video"],"featured_image_src":"https:\/\/www.agadir-oufella.ma\/wp-content\/uploads\/2022\/07\/thumbnail-5-1.jpg","blog_images":{"medium":"https:\/\/www.agadir-oufella.ma\/wp-content\/uploads\/2022\/07\/thumbnail-5-1-300x232.jpg","large":"https:\/\/www.agadir-oufella.ma\/wp-content\/uploads\/2022\/07\/thumbnail-5-1.jpg"},"yoast_head":"<!-- This site is optimized with the Yoast SEO plugin v25.0 - https:\/\/yoast.com\/wordpress\/plugins\/seo\/ -->\n<title>Visite des rescap\u00e9s et de la soci\u00e9t\u00e9 civile \u00e0 la Kasbah - Kasbah d&#039;Agadir Oufella<\/title>\n<meta name=\"robots\" content=\"index, follow, max-snippet:-1, max-image-preview:large, max-video-preview:-1\" \/>\n<link rel=\"canonical\" href=\"https:\/\/www.agadir-oufella.ma\/fr\/visite-des-rescapes-et-de-la-societe-civile-a-la-kasbah\/\" \/>\n<meta property=\"og:locale\" content=\"fr_FR\" \/>\n<meta property=\"og:type\" content=\"article\" \/>\n<meta property=\"og:title\" content=\"Visite des rescap\u00e9s et de la soci\u00e9t\u00e9 civile \u00e0 la Kasbah - Kasbah d&#039;Agadir Oufella\" \/>\n<meta property=\"og:url\" content=\"https:\/\/www.agadir-oufella.ma\/fr\/visite-des-rescapes-et-de-la-societe-civile-a-la-kasbah\/\" \/>\n<meta property=\"og:site_name\" content=\"Kasbah d&#039;Agadir Oufella\" \/>\n<meta property=\"article:published_time\" content=\"2021-07-03T14:00:22+00:00\" \/>\n<meta property=\"article:modified_time\" content=\"2023-04-26T08:28:55+00:00\" \/>\n<meta property=\"og:image\" content=\"https:\/\/www.agadir-oufella.ma\/wp-content\/uploads\/2022\/07\/thumbnail-5-1.jpg\" \/>\n\t<meta property=\"og:image:width\" content=\"375\" \/>\n\t<meta property=\"og:image:height\" content=\"290\" \/>\n\t<meta property=\"og:image:type\" content=\"image\/jpeg\" \/>\n<meta name=\"author\" content=\"admin\" \/>\n<meta name=\"twitter:card\" content=\"summary_large_image\" \/>\n<meta name=\"twitter:label1\" content=\"\u00c9crit par\" \/>\n\t<meta name=\"twitter:data1\" content=\"admin\" \/>\n<script type=\"application\/ld+json\" class=\"yoast-schema-graph\">{\"@context\":\"https:\/\/schema.org\",\"@graph\":[{\"@type\":\"Article\",\"@id\":\"https:\/\/www.agadir-oufella.ma\/fr\/visite-des-rescapes-et-de-la-societe-civile-a-la-kasbah\/#article\",\"isPartOf\":{\"@id\":\"https:\/\/www.agadir-oufella.ma\/fr\/visite-des-rescapes-et-de-la-societe-civile-a-la-kasbah\/\"},\"author\":{\"name\":\"admin\",\"@id\":\"https:\/\/www.agadir-oufella.ma\/fr\/#\/schema\/person\/c80e446651030fdbb3a1b49719d05bdc\"},\"headline\":\"Visite des rescap\u00e9s et de la soci\u00e9t\u00e9 civile \u00e0 la Kasbah\",\"datePublished\":\"2021-07-03T14:00:22+00:00\",\"dateModified\":\"2023-04-26T08:28:55+00:00\",\"mainEntityOfPage\":{\"@id\":\"https:\/\/www.agadir-oufella.ma\/fr\/visite-des-rescapes-et-de-la-societe-civile-a-la-kasbah\/\"},\"wordCount\":12,\"commentCount\":0,\"publisher\":{\"@id\":\"https:\/\/www.agadir-oufella.ma\/fr\/#organization\"},\"image\":{\"@id\":\"https:\/\/www.agadir-oufella.ma\/fr\/visite-des-rescapes-et-de-la-societe-civile-a-la-kasbah\/#primaryimage\"},\"thumbnailUrl\":\"https:\/\/www.agadir-oufella.ma\/wp-content\/uploads\/2022\/07\/thumbnail-5-1.jpg\",\"articleSection\":[\"Vid\u00e9o\"],\"inLanguage\":\"fr-FR\",\"potentialAction\":[{\"@type\":\"CommentAction\",\"name\":\"Comment\",\"target\":[\"https:\/\/www.agadir-oufella.ma\/fr\/visite-des-rescapes-et-de-la-societe-civile-a-la-kasbah\/#respond\"]}]},{\"@type\":\"WebPage\",\"@id\":\"https:\/\/www.agadir-oufella.ma\/fr\/visite-des-rescapes-et-de-la-societe-civile-a-la-kasbah\/\",\"url\":\"https:\/\/www.agadir-oufella.ma\/fr\/visite-des-rescapes-et-de-la-societe-civile-a-la-kasbah\/\",\"name\":\"Visite des rescap\u00e9s et de la soci\u00e9t\u00e9 civile \u00e0 la Kasbah - Kasbah d&#039;Agadir Oufella\",\"isPartOf\":{\"@id\":\"https:\/\/www.agadir-oufella.ma\/fr\/#website\"},\"primaryImageOfPage\":{\"@id\":\"https:\/\/www.agadir-oufella.ma\/fr\/visite-des-rescapes-et-de-la-societe-civile-a-la-kasbah\/#primaryimage\"},\"image\":{\"@id\":\"https:\/\/www.agadir-oufella.ma\/fr\/visite-des-rescapes-et-de-la-societe-civile-a-la-kasbah\/#primaryimage\"},\"thumbnailUrl\":\"https:\/\/www.agadir-oufella.ma\/wp-content\/uploads\/2022\/07\/thumbnail-5-1.jpg\",\"datePublished\":\"2021-07-03T14:00:22+00:00\",\"dateModified\":\"2023-04-26T08:28:55+00:00\",\"breadcrumb\":{\"@id\":\"https:\/\/www.agadir-oufella.ma\/fr\/visite-des-rescapes-et-de-la-societe-civile-a-la-kasbah\/#breadcrumb\"},\"inLanguage\":\"fr-FR\",\"potentialAction\":[{\"@type\":\"ReadAction\",\"target\":[\"https:\/\/www.agadir-oufella.ma\/fr\/visite-des-rescapes-et-de-la-societe-civile-a-la-kasbah\/\"]}]},{\"@type\":\"ImageObject\",\"inLanguage\":\"fr-FR\",\"@id\":\"https:\/\/www.agadir-oufella.ma\/fr\/visite-des-rescapes-et-de-la-societe-civile-a-la-kasbah\/#primaryimage\",\"url\":\"https:\/\/www.agadir-oufella.ma\/wp-content\/uploads\/2022\/07\/thumbnail-5-1.jpg\",\"contentUrl\":\"https:\/\/www.agadir-oufella.ma\/wp-content\/uploads\/2022\/07\/thumbnail-5-1.jpg\",\"width\":375,\"height\":290},{\"@type\":\"BreadcrumbList\",\"@id\":\"https:\/\/www.agadir-oufella.ma\/fr\/visite-des-rescapes-et-de-la-societe-civile-a-la-kasbah\/#breadcrumb\",\"itemListElement\":[{\"@type\":\"ListItem\",\"position\":1,\"name\":\"Accueil\",\"item\":\"https:\/\/www.agadir-oufella.ma\/fr\/\"},{\"@type\":\"ListItem\",\"position\":2,\"name\":\"Visite des rescap\u00e9s et de la soci\u00e9t\u00e9 civile \u00e0 la Kasbah\"}]},{\"@type\":\"WebSite\",\"@id\":\"https:\/\/www.agadir-oufella.ma\/fr\/#website\",\"url\":\"https:\/\/www.agadir-oufella.ma\/fr\/\",\"name\":\"Kasbah d&#039;Agadir Oufella\",\"description\":\"\",\"publisher\":{\"@id\":\"https:\/\/www.agadir-oufella.ma\/fr\/#organization\"},\"potentialAction\":[{\"@type\":\"SearchAction\",\"target\":{\"@type\":\"EntryPoint\",\"urlTemplate\":\"https:\/\/www.agadir-oufella.ma\/fr\/?s={search_term_string}\"},\"query-input\":{\"@type\":\"PropertyValueSpecification\",\"valueRequired\":true,\"valueName\":\"search_term_string\"}}],\"inLanguage\":\"fr-FR\"},{\"@type\":\"Organization\",\"@id\":\"https:\/\/www.agadir-oufella.ma\/fr\/#organization\",\"name\":\"Kasbah d&#039;Agadir Oufella\",\"url\":\"https:\/\/www.agadir-oufella.ma\/fr\/\",\"logo\":{\"@type\":\"ImageObject\",\"inLanguage\":\"fr-FR\",\"@id\":\"https:\/\/www.agadir-oufella.ma\/fr\/#\/schema\/logo\/image\/\",\"url\":\"https:\/\/www.agadir-oufella.ma\/wp-content\/uploads\/2023\/09\/LOGOAGOF.svg\",\"contentUrl\":\"https:\/\/www.agadir-oufella.ma\/wp-content\/uploads\/2023\/09\/LOGOAGOF.svg\",\"width\":150,\"height\":150,\"caption\":\"Kasbah d&#039;Agadir Oufella\"},\"image\":{\"@id\":\"https:\/\/www.agadir-oufella.ma\/fr\/#\/schema\/logo\/image\/\"}},{\"@type\":\"Person\",\"@id\":\"https:\/\/www.agadir-oufella.ma\/fr\/#\/schema\/person\/c80e446651030fdbb3a1b49719d05bdc\",\"name\":\"admin\",\"image\":{\"@type\":\"ImageObject\",\"inLanguage\":\"fr-FR\",\"@id\":\"https:\/\/www.agadir-oufella.ma\/fr\/#\/schema\/person\/image\/\",\"url\":\"https:\/\/secure.gravatar.com\/avatar\/6c6acd8d11df5bd22a439cde5b5f75a35e4eb67246634e00557034b6954fc02b?s=96&d=mm&r=g\",\"contentUrl\":\"https:\/\/secure.gravatar.com\/avatar\/6c6acd8d11df5bd22a439cde5b5f75a35e4eb67246634e00557034b6954fc02b?s=96&d=mm&r=g\",\"caption\":\"admin\"},\"sameAs\":[\"https:\/\/www.agadir-oufella.ma\"],\"url\":\"https:\/\/www.agadir-oufella.ma\/fr\/author\/admin\/\"}]}<\/script>\n<!-- \/ Yoast SEO plugin. -->","yoast_head_json":{"title":"Visite des rescap\u00e9s et de la soci\u00e9t\u00e9 civile \u00e0 la Kasbah - Kasbah d&#039;Agadir Oufella","robots":{"index":"index","follow":"follow","max-snippet":"max-snippet:-1","max-image-preview":"max-image-preview:large","max-video-preview":"max-video-preview:-1"},"canonical":"https:\/\/www.agadir-oufella.ma\/fr\/visite-des-rescapes-et-de-la-societe-civile-a-la-kasbah\/","og_locale":"fr_FR","og_type":"article","og_title":"Visite des rescap\u00e9s et de la soci\u00e9t\u00e9 civile \u00e0 la Kasbah - Kasbah d&#039;Agadir Oufella","og_url":"https:\/\/www.agadir-oufella.ma\/fr\/visite-des-rescapes-et-de-la-societe-civile-a-la-kasbah\/","og_site_name":"Kasbah d&#039;Agadir Oufella","article_published_time":"2021-07-03T14:00:22+00:00","article_modified_time":"2023-04-26T08:28:55+00:00","og_image":[{"width":375,"height":290,"url":"https:\/\/www.agadir-oufella.ma\/wp-content\/uploads\/2022\/07\/thumbnail-5-1.jpg","type":"image\/jpeg"}],"author":"admin","twitter_card":"summary_large_image","twitter_misc":{"\u00c9crit par":"admin"},"schema":{"@context":"https:\/\/schema.org","@graph":[{"@type":"Article","@id":"https:\/\/www.agadir-oufella.ma\/fr\/visite-des-rescapes-et-de-la-societe-civile-a-la-kasbah\/#article","isPartOf":{"@id":"https:\/\/www.agadir-oufella.ma\/fr\/visite-des-rescapes-et-de-la-societe-civile-a-la-kasbah\/"},"author":{"name":"admin","@id":"https:\/\/www.agadir-oufella.ma\/fr\/#\/schema\/person\/c80e446651030fdbb3a1b49719d05bdc"},"headline":"Visite des rescap\u00e9s et de la soci\u00e9t\u00e9 civile \u00e0 la Kasbah","datePublished":"2021-07-03T14:00:22+00:00","dateModified":"2023-04-26T08:28:55+00:00","mainEntityOfPage":{"@id":"https:\/\/www.agadir-oufella.ma\/fr\/visite-des-rescapes-et-de-la-societe-civile-a-la-kasbah\/"},"wordCount":12,"commentCount":0,"publisher":{"@id":"https:\/\/www.agadir-oufella.ma\/fr\/#organization"},"image":{"@id":"https:\/\/www.agadir-oufella.ma\/fr\/visite-des-rescapes-et-de-la-societe-civile-a-la-kasbah\/#primaryimage"},"thumbnailUrl":"https:\/\/www.agadir-oufella.ma\/wp-content\/uploads\/2022\/07\/thumbnail-5-1.jpg","articleSection":["Vid\u00e9o"],"inLanguage":"fr-FR","potentialAction":[{"@type":"CommentAction","name":"Comment","target":["https:\/\/www.agadir-oufella.ma\/fr\/visite-des-rescapes-et-de-la-societe-civile-a-la-kasbah\/#respond"]}]},{"@type":"WebPage","@id":"https:\/\/www.agadir-oufella.ma\/fr\/visite-des-rescapes-et-de-la-societe-civile-a-la-kasbah\/","url":"https:\/\/www.agadir-oufella.ma\/fr\/visite-des-rescapes-et-de-la-societe-civile-a-la-kasbah\/","name":"Visite des rescap\u00e9s et de la soci\u00e9t\u00e9 civile \u00e0 la Kasbah - Kasbah d&#039;Agadir Oufella","isPartOf":{"@id":"https:\/\/www.agadir-oufella.ma\/fr\/#website"},"primaryImageOfPage":{"@id":"https:\/\/www.agadir-oufella.ma\/fr\/visite-des-rescapes-et-de-la-societe-civile-a-la-kasbah\/#primaryimage"},"image":{"@id":"https:\/\/www.agadir-oufella.ma\/fr\/visite-des-rescapes-et-de-la-societe-civile-a-la-kasbah\/#primaryimage"},"thumbnailUrl":"https:\/\/www.agadir-oufella.ma\/wp-content\/uploads\/2022\/07\/thumbnail-5-1.jpg","datePublished":"2021-07-03T14:00:22+00:00","dateModified":"2023-04-26T08:28:55+00:00","breadcrumb":{"@id":"https:\/\/www.agadir-oufella.ma\/fr\/visite-des-rescapes-et-de-la-societe-civile-a-la-kasbah\/#breadcrumb"},"inLanguage":"fr-FR","potentialAction":[{"@type":"ReadAction","target":["https:\/\/www.agadir-oufella.ma\/fr\/visite-des-rescapes-et-de-la-societe-civile-a-la-kasbah\/"]}]},{"@type":"ImageObject","inLanguage":"fr-FR","@id":"https:\/\/www.agadir-oufella.ma\/fr\/visite-des-rescapes-et-de-la-societe-civile-a-la-kasbah\/#primaryimage","url":"https:\/\/www.agadir-oufella.ma\/wp-content\/uploads\/2022\/07\/thumbnail-5-1.jpg","contentUrl":"https:\/\/www.agadir-oufella.ma\/wp-content\/uploads\/2022\/07\/thumbnail-5-1.jpg","width":375,"height":290},{"@type":"BreadcrumbList","@id":"https:\/\/www.agadir-oufella.ma\/fr\/visite-des-rescapes-et-de-la-societe-civile-a-la-kasbah\/#breadcrumb","itemListElement":[{"@type":"ListItem","position":1,"name":"Accueil","item":"https:\/\/www.agadir-oufella.ma\/fr\/"},{"@type":"ListItem","position":2,"name":"Visite des rescap\u00e9s et de la soci\u00e9t\u00e9 civile \u00e0 la Kasbah"}]},{"@type":"WebSite","@id":"https:\/\/www.agadir-oufella.ma\/fr\/#website","url":"https:\/\/www.agadir-oufella.ma\/fr\/","name":"Kasbah d&#039;Agadir Oufella","description":"","publisher":{"@id":"https:\/\/www.agadir-oufella.ma\/fr\/#organization"},"potentialAction":[{"@type":"SearchAction","target":{"@type":"EntryPoint","urlTemplate":"https:\/\/www.agadir-oufella.ma\/fr\/?s={search_term_string}"},"query-input":{"@type":"PropertyValueSpecification","valueRequired":true,"valueName":"search_term_string"}}],"inLanguage":"fr-FR"},{"@type":"Organization","@id":"https:\/\/www.agadir-oufella.ma\/fr\/#organization","name":"Kasbah d&#039;Agadir Oufella","url":"https:\/\/www.agadir-oufella.ma\/fr\/","logo":{"@type":"ImageObject","inLanguage":"fr-FR","@id":"https:\/\/www.agadir-oufella.ma\/fr\/#\/schema\/logo\/image\/","url":"https:\/\/www.agadir-oufella.ma\/wp-content\/uploads\/2023\/09\/LOGOAGOF.svg","contentUrl":"https:\/\/www.agadir-oufella.ma\/wp-content\/uploads\/2023\/09\/LOGOAGOF.svg","width":150,"height":150,"caption":"Kasbah d&#039;Agadir Oufella"},"image":{"@id":"https:\/\/www.agadir-oufella.ma\/fr\/#\/schema\/logo\/image\/"}},{"@type":"Person","@id":"https:\/\/www.agadir-oufella.ma\/fr\/#\/schema\/person\/c80e446651030fdbb3a1b49719d05bdc","name":"admin","image":{"@type":"ImageObject","inLanguage":"fr-FR","@id":"https:\/\/www.agadir-oufella.ma\/fr\/#\/schema\/person\/image\/","url":"https:\/\/secure.gravatar.com\/avatar\/6c6acd8d11df5bd22a439cde5b5f75a35e4eb67246634e00557034b6954fc02b?s=96&d=mm&r=g","contentUrl":"https:\/\/secure.gravatar.com\/avatar\/6c6acd8d11df5bd22a439cde5b5f75a35e4eb67246634e00557034b6954fc02b?s=96&d=mm&r=g","caption":"admin"},"sameAs":["https:\/\/www.agadir-oufella.ma"],"url":"https:\/\/www.agadir-oufella.ma\/fr\/author\/admin\/"}]}},"_links":{"self":[{"href":"https:\/\/www.agadir-oufella.ma\/fr\/wp-json\/wp\/v2\/posts\/1449","targetHints":{"allow":["GET"]}}],"collection":[{"href":"https:\/\/www.agadir-oufella.ma\/fr\/wp-json\/wp\/v2\/posts"}],"about":[{"href":"https:\/\/www.agadir-oufella.ma\/fr\/wp-json\/wp\/v2\/types\/post"}],"author":[{"embeddable":true,"href":"https:\/\/www.agadir-oufella.ma\/fr\/wp-json\/wp\/v2\/users\/1"}],"replies":[{"embeddable":true,"href":"https:\/\/www.agadir-oufella.ma\/fr\/wp-json\/wp\/v2\/comments?post=1449"}],"version-history":[{"count":16,"href":"https:\/\/www.agadir-oufella.ma\/fr\/wp-json\/wp\/v2\/posts\/1449\/revisions"}],"predecessor-version":[{"id":9843,"href":"https:\/\/www.agadir-oufella.ma\/fr\/wp-json\/wp\/v2\/posts\/1449\/revisions\/9843"}],"wp:featuredmedia":[{"embeddable":true,"href":"https:\/\/www.agadir-oufella.ma\/fr\/wp-json\/wp\/v2\/media\/1477"}],"wp:attachment":[{"href":"https:\/\/www.agadir-oufella.ma\/fr\/wp-json\/wp\/v2\/media?parent=1449"}],"wp:term":[{"taxonomy":"category","embeddable":true,"href":"https:\/\/www.agadir-oufella.ma\/fr\/wp-json\/wp\/v2\/categories?post=1449"},{"taxonomy":"post_tag","embeddable":true,"href":"https:\/\/www.agadir-oufella.ma\/fr\/wp-json\/wp\/v2\/tags?post=1449"}],"curies":[{"name":"wp","href":"https:\/\/api.w.org\/{rel}","templated":true}]}}