
{"id":1485,"date":"2022-01-07T15:04:11","date_gmt":"2022-01-07T14:04:11","guid":{"rendered":"https:\/\/www.agadir-oufella.ma\/?p=1485"},"modified":"2023-04-26T08:23:28","modified_gmt":"2023-04-26T08:23:28","slug":"visite-de-monsieur-mehdi-bensaid-ministre-de-la-jeunesse-de-la-culture-et-de-la-communication","status":"publish","type":"post","link":"https:\/\/www.agadir-oufella.ma\/fr\/visite-de-monsieur-mehdi-bensaid-ministre-de-la-jeunesse-de-la-culture-et-de-la-communication\/","title":{"rendered":"Visite de Monsieur Mehdi Bensaid, Ministre de la Jeunesse, de la Culture et de la Communication"},"content":{"rendered":"<section class=\"intro\" data-aos=\"fade-up\">\n        <div >\n        <p>Le vendredi 7 janvier 2022, Monsieur Mehdi Bensa\u00efd, Ministre de la Jeunesse, de la Culture et de la Communication, s&rsquo;est rendu \u00e0 Agadir Oufella pour inspecter les chantiers en cours, accompagn\u00e9 de plusieurs personnalit\u00e9s dont le Wali de la r\u00e9gion Souss-Massa et le pr\u00e9sident du Conseil de la r\u00e9gion Souss-Massa.<br \/>\nCette d\u00e9marche fait partie du programme du minist\u00e8re de la Jeunesse, de la Culture et de la Communication qui implique des visites dans plusieurs villes et provinces du pays pour \u00e9valuer l&rsquo;\u00e9tat des infrastructures culturelles et les avanc\u00e9es des travaux en cours.<\/p>\n<p>Mehdi Bensaid a d\u00e9clar\u00e9 aux journalistes lors de sa visite que le minist\u00e8re de la Culture et ses partenaires ont pour objectif de valoriser le patrimoine immat\u00e9riel de la r\u00e9gion Souss-Massa, qui a \u00e9t\u00e9 largement d\u00e9truit par le s\u00e9isme de 1960 \u00e0 Agadir. Il a \u00e9galement soulign\u00e9 que le minist\u00e8re \u00e9tait fortement engag\u00e9 dans la protection des monuments historiques et de la m\u00e9moire collective marocaine.<\/p>\n<p><video src=\"https:\/\/www.agadir-oufella.ma\/wp-content\/uploads\/2022\/07\/Agadir-Oufella-Visite-de-Monsieur-le-Ministre-Mehdi-Bensaid-Janvier-2022.mp4\" controls=\"controls\" width=\"100%\" height=\"100%\"><\/video><\/p>\n    <\/div>\n<\/section>\n\n","protected":false},"excerpt":{"rendered":"","protected":false},"author":1,"featured_media":1453,"comment_status":"open","ping_status":"open","sticky":false,"template":"","format":"standard","meta":{"inline_featured_image":false,"footnotes":""},"categories":[16],"tags":[],"class_list":["post-1485","post","type-post","status-publish","format-standard","has-post-thumbnail","hentry","category-video"],"featured_image_src":"https:\/\/www.agadir-oufella.ma\/wp-content\/uploads\/2022\/07\/thumbnail-2-1.jpg","blog_images":{"medium":"https:\/\/www.agadir-oufella.ma\/wp-content\/uploads\/2022\/07\/thumbnail-2-1-300x232.jpg","large":"https:\/\/www.agadir-oufella.ma\/wp-content\/uploads\/2022\/07\/thumbnail-2-1.jpg"},"yoast_head":"<!-- This site is optimized with the Yoast SEO plugin v25.0 - https:\/\/yoast.com\/wordpress\/plugins\/seo\/ -->\n<title>Visite de Monsieur Mehdi Bensaid, Ministre de la Jeunesse, de la Culture et de la Communication - Kasbah d&#039;Agadir Oufella<\/title>\n<meta name=\"robots\" content=\"index, follow, max-snippet:-1, max-image-preview:large, max-video-preview:-1\" \/>\n<link rel=\"canonical\" href=\"https:\/\/www.agadir-oufella.ma\/fr\/visite-de-monsieur-mehdi-bensaid-ministre-de-la-jeunesse-de-la-culture-et-de-la-communication\/\" \/>\n<meta property=\"og:locale\" content=\"fr_FR\" \/>\n<meta property=\"og:type\" content=\"article\" \/>\n<meta property=\"og:title\" content=\"Visite de Monsieur Mehdi Bensaid, Ministre de la Jeunesse, de la Culture et de la Communication - Kasbah d&#039;Agadir Oufella\" \/>\n<meta property=\"og:url\" content=\"https:\/\/www.agadir-oufella.ma\/fr\/visite-de-monsieur-mehdi-bensaid-ministre-de-la-jeunesse-de-la-culture-et-de-la-communication\/\" \/>\n<meta property=\"og:site_name\" content=\"Kasbah d&#039;Agadir Oufella\" \/>\n<meta property=\"article:published_time\" content=\"2022-01-07T14:04:11+00:00\" \/>\n<meta property=\"article:modified_time\" content=\"2023-04-26T08:23:28+00:00\" \/>\n<meta property=\"og:image\" content=\"https:\/\/www.agadir-oufella.ma\/wp-content\/uploads\/2022\/07\/thumbnail-2-1.jpg\" \/>\n\t<meta property=\"og:image:width\" content=\"375\" \/>\n\t<meta property=\"og:image:height\" content=\"290\" \/>\n\t<meta property=\"og:image:type\" content=\"image\/jpeg\" \/>\n<meta name=\"author\" content=\"admin\" \/>\n<meta name=\"twitter:card\" content=\"summary_large_image\" \/>\n<meta name=\"twitter:label1\" content=\"\u00c9crit par\" \/>\n\t<meta name=\"twitter:data1\" content=\"admin\" \/>\n<script type=\"application\/ld+json\" class=\"yoast-schema-graph\">{\"@context\":\"https:\/\/schema.org\",\"@graph\":[{\"@type\":\"Article\",\"@id\":\"https:\/\/www.agadir-oufella.ma\/fr\/visite-de-monsieur-mehdi-bensaid-ministre-de-la-jeunesse-de-la-culture-et-de-la-communication\/#article\",\"isPartOf\":{\"@id\":\"https:\/\/www.agadir-oufella.ma\/fr\/visite-de-monsieur-mehdi-bensaid-ministre-de-la-jeunesse-de-la-culture-et-de-la-communication\/\"},\"author\":{\"name\":\"admin\",\"@id\":\"https:\/\/www.agadir-oufella.ma\/fr\/#\/schema\/person\/c80e446651030fdbb3a1b49719d05bdc\"},\"headline\":\"Visite de Monsieur Mehdi Bensaid, Ministre de la Jeunesse, de la Culture et de la Communication\",\"datePublished\":\"2022-01-07T14:04:11+00:00\",\"dateModified\":\"2023-04-26T08:23:28+00:00\",\"mainEntityOfPage\":{\"@id\":\"https:\/\/www.agadir-oufella.ma\/fr\/visite-de-monsieur-mehdi-bensaid-ministre-de-la-jeunesse-de-la-culture-et-de-la-communication\/\"},\"wordCount\":16,\"commentCount\":0,\"publisher\":{\"@id\":\"https:\/\/www.agadir-oufella.ma\/fr\/#organization\"},\"image\":{\"@id\":\"https:\/\/www.agadir-oufella.ma\/fr\/visite-de-monsieur-mehdi-bensaid-ministre-de-la-jeunesse-de-la-culture-et-de-la-communication\/#primaryimage\"},\"thumbnailUrl\":\"https:\/\/www.agadir-oufella.ma\/wp-content\/uploads\/2022\/07\/thumbnail-2-1.jpg\",\"articleSection\":[\"Vid\u00e9o\"],\"inLanguage\":\"fr-FR\",\"potentialAction\":[{\"@type\":\"CommentAction\",\"name\":\"Comment\",\"target\":[\"https:\/\/www.agadir-oufella.ma\/fr\/visite-de-monsieur-mehdi-bensaid-ministre-de-la-jeunesse-de-la-culture-et-de-la-communication\/#respond\"]}]},{\"@type\":\"WebPage\",\"@id\":\"https:\/\/www.agadir-oufella.ma\/fr\/visite-de-monsieur-mehdi-bensaid-ministre-de-la-jeunesse-de-la-culture-et-de-la-communication\/\",\"url\":\"https:\/\/www.agadir-oufella.ma\/fr\/visite-de-monsieur-mehdi-bensaid-ministre-de-la-jeunesse-de-la-culture-et-de-la-communication\/\",\"name\":\"Visite de Monsieur Mehdi Bensaid, Ministre de la Jeunesse, de la Culture et de la Communication - Kasbah d&#039;Agadir Oufella\",\"isPartOf\":{\"@id\":\"https:\/\/www.agadir-oufella.ma\/fr\/#website\"},\"primaryImageOfPage\":{\"@id\":\"https:\/\/www.agadir-oufella.ma\/fr\/visite-de-monsieur-mehdi-bensaid-ministre-de-la-jeunesse-de-la-culture-et-de-la-communication\/#primaryimage\"},\"image\":{\"@id\":\"https:\/\/www.agadir-oufella.ma\/fr\/visite-de-monsieur-mehdi-bensaid-ministre-de-la-jeunesse-de-la-culture-et-de-la-communication\/#primaryimage\"},\"thumbnailUrl\":\"https:\/\/www.agadir-oufella.ma\/wp-content\/uploads\/2022\/07\/thumbnail-2-1.jpg\",\"datePublished\":\"2022-01-07T14:04:11+00:00\",\"dateModified\":\"2023-04-26T08:23:28+00:00\",\"breadcrumb\":{\"@id\":\"https:\/\/www.agadir-oufella.ma\/fr\/visite-de-monsieur-mehdi-bensaid-ministre-de-la-jeunesse-de-la-culture-et-de-la-communication\/#breadcrumb\"},\"inLanguage\":\"fr-FR\",\"potentialAction\":[{\"@type\":\"ReadAction\",\"target\":[\"https:\/\/www.agadir-oufella.ma\/fr\/visite-de-monsieur-mehdi-bensaid-ministre-de-la-jeunesse-de-la-culture-et-de-la-communication\/\"]}]},{\"@type\":\"ImageObject\",\"inLanguage\":\"fr-FR\",\"@id\":\"https:\/\/www.agadir-oufella.ma\/fr\/visite-de-monsieur-mehdi-bensaid-ministre-de-la-jeunesse-de-la-culture-et-de-la-communication\/#primaryimage\",\"url\":\"https:\/\/www.agadir-oufella.ma\/wp-content\/uploads\/2022\/07\/thumbnail-2-1.jpg\",\"contentUrl\":\"https:\/\/www.agadir-oufella.ma\/wp-content\/uploads\/2022\/07\/thumbnail-2-1.jpg\",\"width\":375,\"height\":290},{\"@type\":\"BreadcrumbList\",\"@id\":\"https:\/\/www.agadir-oufella.ma\/fr\/visite-de-monsieur-mehdi-bensaid-ministre-de-la-jeunesse-de-la-culture-et-de-la-communication\/#breadcrumb\",\"itemListElement\":[{\"@type\":\"ListItem\",\"position\":1,\"name\":\"Accueil\",\"item\":\"https:\/\/www.agadir-oufella.ma\/fr\/\"},{\"@type\":\"ListItem\",\"position\":2,\"name\":\"Visite de Monsieur Mehdi Bensaid, Ministre de la Jeunesse, de la Culture et de la Communication\"}]},{\"@type\":\"WebSite\",\"@id\":\"https:\/\/www.agadir-oufella.ma\/fr\/#website\",\"url\":\"https:\/\/www.agadir-oufella.ma\/fr\/\",\"name\":\"Kasbah d&#039;Agadir Oufella\",\"description\":\"\",\"publisher\":{\"@id\":\"https:\/\/www.agadir-oufella.ma\/fr\/#organization\"},\"potentialAction\":[{\"@type\":\"SearchAction\",\"target\":{\"@type\":\"EntryPoint\",\"urlTemplate\":\"https:\/\/www.agadir-oufella.ma\/fr\/?s={search_term_string}\"},\"query-input\":{\"@type\":\"PropertyValueSpecification\",\"valueRequired\":true,\"valueName\":\"search_term_string\"}}],\"inLanguage\":\"fr-FR\"},{\"@type\":\"Organization\",\"@id\":\"https:\/\/www.agadir-oufella.ma\/fr\/#organization\",\"name\":\"Kasbah d&#039;Agadir Oufella\",\"url\":\"https:\/\/www.agadir-oufella.ma\/fr\/\",\"logo\":{\"@type\":\"ImageObject\",\"inLanguage\":\"fr-FR\",\"@id\":\"https:\/\/www.agadir-oufella.ma\/fr\/#\/schema\/logo\/image\/\",\"url\":\"https:\/\/www.agadir-oufella.ma\/wp-content\/uploads\/2023\/09\/LOGOAGOF.svg\",\"contentUrl\":\"https:\/\/www.agadir-oufella.ma\/wp-content\/uploads\/2023\/09\/LOGOAGOF.svg\",\"width\":150,\"height\":150,\"caption\":\"Kasbah d&#039;Agadir Oufella\"},\"image\":{\"@id\":\"https:\/\/www.agadir-oufella.ma\/fr\/#\/schema\/logo\/image\/\"}},{\"@type\":\"Person\",\"@id\":\"https:\/\/www.agadir-oufella.ma\/fr\/#\/schema\/person\/c80e446651030fdbb3a1b49719d05bdc\",\"name\":\"admin\",\"image\":{\"@type\":\"ImageObject\",\"inLanguage\":\"fr-FR\",\"@id\":\"https:\/\/www.agadir-oufella.ma\/fr\/#\/schema\/person\/image\/\",\"url\":\"https:\/\/secure.gravatar.com\/avatar\/6c6acd8d11df5bd22a439cde5b5f75a35e4eb67246634e00557034b6954fc02b?s=96&d=mm&r=g\",\"contentUrl\":\"https:\/\/secure.gravatar.com\/avatar\/6c6acd8d11df5bd22a439cde5b5f75a35e4eb67246634e00557034b6954fc02b?s=96&d=mm&r=g\",\"caption\":\"admin\"},\"sameAs\":[\"https:\/\/www.agadir-oufella.ma\"],\"url\":\"https:\/\/www.agadir-oufella.ma\/fr\/author\/admin\/\"}]}<\/script>\n<!-- \/ Yoast SEO plugin. -->","yoast_head_json":{"title":"Visite de Monsieur Mehdi Bensaid, Ministre de la Jeunesse, de la Culture et de la Communication - Kasbah d&#039;Agadir Oufella","robots":{"index":"index","follow":"follow","max-snippet":"max-snippet:-1","max-image-preview":"max-image-preview:large","max-video-preview":"max-video-preview:-1"},"canonical":"https:\/\/www.agadir-oufella.ma\/fr\/visite-de-monsieur-mehdi-bensaid-ministre-de-la-jeunesse-de-la-culture-et-de-la-communication\/","og_locale":"fr_FR","og_type":"article","og_title":"Visite de Monsieur Mehdi Bensaid, Ministre de la Jeunesse, de la Culture et de la Communication - Kasbah d&#039;Agadir Oufella","og_url":"https:\/\/www.agadir-oufella.ma\/fr\/visite-de-monsieur-mehdi-bensaid-ministre-de-la-jeunesse-de-la-culture-et-de-la-communication\/","og_site_name":"Kasbah d&#039;Agadir Oufella","article_published_time":"2022-01-07T14:04:11+00:00","article_modified_time":"2023-04-26T08:23:28+00:00","og_image":[{"width":375,"height":290,"url":"https:\/\/www.agadir-oufella.ma\/wp-content\/uploads\/2022\/07\/thumbnail-2-1.jpg","type":"image\/jpeg"}],"author":"admin","twitter_card":"summary_large_image","twitter_misc":{"\u00c9crit par":"admin"},"schema":{"@context":"https:\/\/schema.org","@graph":[{"@type":"Article","@id":"https:\/\/www.agadir-oufella.ma\/fr\/visite-de-monsieur-mehdi-bensaid-ministre-de-la-jeunesse-de-la-culture-et-de-la-communication\/#article","isPartOf":{"@id":"https:\/\/www.agadir-oufella.ma\/fr\/visite-de-monsieur-mehdi-bensaid-ministre-de-la-jeunesse-de-la-culture-et-de-la-communication\/"},"author":{"name":"admin","@id":"https:\/\/www.agadir-oufella.ma\/fr\/#\/schema\/person\/c80e446651030fdbb3a1b49719d05bdc"},"headline":"Visite de Monsieur Mehdi Bensaid, Ministre de la Jeunesse, de la Culture et de la Communication","datePublished":"2022-01-07T14:04:11+00:00","dateModified":"2023-04-26T08:23:28+00:00","mainEntityOfPage":{"@id":"https:\/\/www.agadir-oufella.ma\/fr\/visite-de-monsieur-mehdi-bensaid-ministre-de-la-jeunesse-de-la-culture-et-de-la-communication\/"},"wordCount":16,"commentCount":0,"publisher":{"@id":"https:\/\/www.agadir-oufella.ma\/fr\/#organization"},"image":{"@id":"https:\/\/www.agadir-oufella.ma\/fr\/visite-de-monsieur-mehdi-bensaid-ministre-de-la-jeunesse-de-la-culture-et-de-la-communication\/#primaryimage"},"thumbnailUrl":"https:\/\/www.agadir-oufella.ma\/wp-content\/uploads\/2022\/07\/thumbnail-2-1.jpg","articleSection":["Vid\u00e9o"],"inLanguage":"fr-FR","potentialAction":[{"@type":"CommentAction","name":"Comment","target":["https:\/\/www.agadir-oufella.ma\/fr\/visite-de-monsieur-mehdi-bensaid-ministre-de-la-jeunesse-de-la-culture-et-de-la-communication\/#respond"]}]},{"@type":"WebPage","@id":"https:\/\/www.agadir-oufella.ma\/fr\/visite-de-monsieur-mehdi-bensaid-ministre-de-la-jeunesse-de-la-culture-et-de-la-communication\/","url":"https:\/\/www.agadir-oufella.ma\/fr\/visite-de-monsieur-mehdi-bensaid-ministre-de-la-jeunesse-de-la-culture-et-de-la-communication\/","name":"Visite de Monsieur Mehdi Bensaid, Ministre de la Jeunesse, de la Culture et de la Communication - Kasbah d&#039;Agadir Oufella","isPartOf":{"@id":"https:\/\/www.agadir-oufella.ma\/fr\/#website"},"primaryImageOfPage":{"@id":"https:\/\/www.agadir-oufella.ma\/fr\/visite-de-monsieur-mehdi-bensaid-ministre-de-la-jeunesse-de-la-culture-et-de-la-communication\/#primaryimage"},"image":{"@id":"https:\/\/www.agadir-oufella.ma\/fr\/visite-de-monsieur-mehdi-bensaid-ministre-de-la-jeunesse-de-la-culture-et-de-la-communication\/#primaryimage"},"thumbnailUrl":"https:\/\/www.agadir-oufella.ma\/wp-content\/uploads\/2022\/07\/thumbnail-2-1.jpg","datePublished":"2022-01-07T14:04:11+00:00","dateModified":"2023-04-26T08:23:28+00:00","breadcrumb":{"@id":"https:\/\/www.agadir-oufella.ma\/fr\/visite-de-monsieur-mehdi-bensaid-ministre-de-la-jeunesse-de-la-culture-et-de-la-communication\/#breadcrumb"},"inLanguage":"fr-FR","potentialAction":[{"@type":"ReadAction","target":["https:\/\/www.agadir-oufella.ma\/fr\/visite-de-monsieur-mehdi-bensaid-ministre-de-la-jeunesse-de-la-culture-et-de-la-communication\/"]}]},{"@type":"ImageObject","inLanguage":"fr-FR","@id":"https:\/\/www.agadir-oufella.ma\/fr\/visite-de-monsieur-mehdi-bensaid-ministre-de-la-jeunesse-de-la-culture-et-de-la-communication\/#primaryimage","url":"https:\/\/www.agadir-oufella.ma\/wp-content\/uploads\/2022\/07\/thumbnail-2-1.jpg","contentUrl":"https:\/\/www.agadir-oufella.ma\/wp-content\/uploads\/2022\/07\/thumbnail-2-1.jpg","width":375,"height":290},{"@type":"BreadcrumbList","@id":"https:\/\/www.agadir-oufella.ma\/fr\/visite-de-monsieur-mehdi-bensaid-ministre-de-la-jeunesse-de-la-culture-et-de-la-communication\/#breadcrumb","itemListElement":[{"@type":"ListItem","position":1,"name":"Accueil","item":"https:\/\/www.agadir-oufella.ma\/fr\/"},{"@type":"ListItem","position":2,"name":"Visite de Monsieur Mehdi Bensaid, Ministre de la Jeunesse, de la Culture et de la Communication"}]},{"@type":"WebSite","@id":"https:\/\/www.agadir-oufella.ma\/fr\/#website","url":"https:\/\/www.agadir-oufella.ma\/fr\/","name":"Kasbah d&#039;Agadir Oufella","description":"","publisher":{"@id":"https:\/\/www.agadir-oufella.ma\/fr\/#organization"},"potentialAction":[{"@type":"SearchAction","target":{"@type":"EntryPoint","urlTemplate":"https:\/\/www.agadir-oufella.ma\/fr\/?s={search_term_string}"},"query-input":{"@type":"PropertyValueSpecification","valueRequired":true,"valueName":"search_term_string"}}],"inLanguage":"fr-FR"},{"@type":"Organization","@id":"https:\/\/www.agadir-oufella.ma\/fr\/#organization","name":"Kasbah d&#039;Agadir Oufella","url":"https:\/\/www.agadir-oufella.ma\/fr\/","logo":{"@type":"ImageObject","inLanguage":"fr-FR","@id":"https:\/\/www.agadir-oufella.ma\/fr\/#\/schema\/logo\/image\/","url":"https:\/\/www.agadir-oufella.ma\/wp-content\/uploads\/2023\/09\/LOGOAGOF.svg","contentUrl":"https:\/\/www.agadir-oufella.ma\/wp-content\/uploads\/2023\/09\/LOGOAGOF.svg","width":150,"height":150,"caption":"Kasbah d&#039;Agadir Oufella"},"image":{"@id":"https:\/\/www.agadir-oufella.ma\/fr\/#\/schema\/logo\/image\/"}},{"@type":"Person","@id":"https:\/\/www.agadir-oufella.ma\/fr\/#\/schema\/person\/c80e446651030fdbb3a1b49719d05bdc","name":"admin","image":{"@type":"ImageObject","inLanguage":"fr-FR","@id":"https:\/\/www.agadir-oufella.ma\/fr\/#\/schema\/person\/image\/","url":"https:\/\/secure.gravatar.com\/avatar\/6c6acd8d11df5bd22a439cde5b5f75a35e4eb67246634e00557034b6954fc02b?s=96&d=mm&r=g","contentUrl":"https:\/\/secure.gravatar.com\/avatar\/6c6acd8d11df5bd22a439cde5b5f75a35e4eb67246634e00557034b6954fc02b?s=96&d=mm&r=g","caption":"admin"},"sameAs":["https:\/\/www.agadir-oufella.ma"],"url":"https:\/\/www.agadir-oufella.ma\/fr\/author\/admin\/"}]}},"_links":{"self":[{"href":"https:\/\/www.agadir-oufella.ma\/fr\/wp-json\/wp\/v2\/posts\/1485","targetHints":{"allow":["GET"]}}],"collection":[{"href":"https:\/\/www.agadir-oufella.ma\/fr\/wp-json\/wp\/v2\/posts"}],"about":[{"href":"https:\/\/www.agadir-oufella.ma\/fr\/wp-json\/wp\/v2\/types\/post"}],"author":[{"embeddable":true,"href":"https:\/\/www.agadir-oufella.ma\/fr\/wp-json\/wp\/v2\/users\/1"}],"replies":[{"embeddable":true,"href":"https:\/\/www.agadir-oufella.ma\/fr\/wp-json\/wp\/v2\/comments?post=1485"}],"version-history":[{"count":18,"href":"https:\/\/www.agadir-oufella.ma\/fr\/wp-json\/wp\/v2\/posts\/1485\/revisions"}],"predecessor-version":[{"id":9836,"href":"https:\/\/www.agadir-oufella.ma\/fr\/wp-json\/wp\/v2\/posts\/1485\/revisions\/9836"}],"wp:featuredmedia":[{"embeddable":true,"href":"https:\/\/www.agadir-oufella.ma\/fr\/wp-json\/wp\/v2\/media\/1453"}],"wp:attachment":[{"href":"https:\/\/www.agadir-oufella.ma\/fr\/wp-json\/wp\/v2\/media?parent=1485"}],"wp:term":[{"taxonomy":"category","embeddable":true,"href":"https:\/\/www.agadir-oufella.ma\/fr\/wp-json\/wp\/v2\/categories?post=1485"},{"taxonomy":"post_tag","embeddable":true,"href":"https:\/\/www.agadir-oufella.ma\/fr\/wp-json\/wp\/v2\/tags?post=1485"}],"curies":[{"name":"wp","href":"https:\/\/api.w.org\/{rel}","templated":true}]}}