
{"id":9512,"date":"2023-01-18T09:18:27","date_gmt":"2023-01-18T08:18:27","guid":{"rendered":"https:\/\/www.agadir-oufella.ma\/?p=9512"},"modified":"2023-01-20T17:05:15","modified_gmt":"2023-01-20T16:05:15","slug":"agadir-oufella-celebre-le-nouvel-an-amazigh-yennayer","status":"publish","type":"post","link":"https:\/\/www.agadir-oufella.ma\/fr\/agadir-oufella-celebre-le-nouvel-an-amazigh-yennayer\/","title":{"rendered":"Agadir Oufella c\u00e9l\u00e8bre le nouvel an Amazigh (Yennayer)"},"content":{"rendered":"<section class=\"visuel\">\n    <div class=\"wrapper\" data-aos=\"fade-down\">\n        <picture>\n                          <img class=\"lazyload\" data-src=\"https:\/\/www.agadir-oufella.ma\/wp-content\/uploads\/2023\/01\/2AO1409-1298x630.jpg\" width=\"1104\" height=\"564\" alt=\"\" decoding=\"async\" draggable=\"false\" \/>\n                    <\/picture>\n    <\/div>\n<\/section>\n\n\n\n<section class=\"texte-visuel-2orientations alternatif\">\n    <div class=\"wrapper\" >\n        <div class=\"_column\" data-aos=\"fade-left\">\n            <span class=\"title\"><\/span>\n            <p>Le Nouvel An Amazigh, \u00e9galement connu sous le nom de Yennayer, est une f\u00eate c\u00e9l\u00e9br\u00e9e chaque ann\u00e9e le 13 janvier par les communaut\u00e9s berb\u00e8res dans les pays d&rsquo;Afrique du Nord dont le Maroc. Cette ann\u00e9e, la ville d&rsquo;Agadir a c\u00e9l\u00e9br\u00e9 cette occasion avec une grande programmation culturelle diversifi\u00e9e qui a eu lieu dans les enceintes culturelles et les grands jardins publics de la ville. Les c\u00e9l\u00e9brations comprenaient des spectacles musicaux et artistiques, des expositions d&rsquo;oeuvres et d&rsquo;art plastique Amazigh, ainsi que des projections de courts m\u00e9trages.<\/br><br \/>\nLa Kasbah d&rsquo;Agadir Oufella a accueilli l&rsquo;une des sc\u00e8nes des trois grandes soir\u00e9es organis\u00e9es \u00e0 l&rsquo;occasion de cette c\u00e9l\u00e9bration. Les autres soir\u00e9es ont eu lieu dans les quartiers Bensergaou et Tikiwine. Les artistes locaux de renom tels que Raissa Fatima Tabaamrant, Abdelaziz Ahouzar, El Batoul El Merouani, Said Outajjt et Ahwash Tafraout \u00e9taient \u00e0 l&rsquo;honneur lors de ces soir\u00e9es.<\/br><br \/>\nCette c\u00e9l\u00e9bration est une occasion unique pour la population et les jeunes g\u00e9n\u00e9rations de d\u00e9couvrir le riche patrimoine Amazigh de la r\u00e9gion Souss Massa. Le Nouvel An Amazigh est donc une occasion \u00e0 ne pas manquer pour se plonger dans la culture berb\u00e8re et d\u00e9couvrir toute la richesse de cette communaut\u00e9.<\/p>\n        <\/div>\n        <picture class=\"_column\">\n                        <img class=\"lazyload\" data-aos=\"fade-right\" data-src=\"https:\/\/www.agadir-oufella.ma\/wp-content\/uploads\/2023\/01\/VTB0024-645x426.jpg\" width=\"645\" height=\"426\"\n            alt=\"\" decoding=\"async\" draggable=\"false\" \/>\n                  <\/picture>\n    <\/div>\n<\/section>\n\n\n  <section class=\"gallery\" id=\"gallery\">\n    <ul>\n            <li data-aos=\"fade-top\" data-aos-delay=\"150\">\n                    <a href=\"https:\/\/www.agadir-oufella.ma\/wp-content\/uploads\/2023\/01\/2AO1153-scaled.jpg\" data-sub-html=\"_2AO1153\">\n              <img class=\"\" src=\"https:\/\/www.agadir-oufella.ma\/wp-content\/uploads\/2023\/01\/2AO1153-scaled.jpg\" alt=\"\" width=\"416px\" height=\"573px\" decoding=\"async\" draggable=\"false\">\n            <\/a>\n              <\/li>\n            <li data-aos=\"fade-top\" data-aos-delay=\"300\">\n                    <a href=\"https:\/\/www.agadir-oufella.ma\/wp-content\/uploads\/2023\/01\/2AO1160-scaled.jpg\" data-sub-html=\"_2AO1160\">\n              <img class=\"\" src=\"https:\/\/www.agadir-oufella.ma\/wp-content\/uploads\/2023\/01\/2AO1160-scaled.jpg\" alt=\"\" width=\"416px\" height=\"573px\" decoding=\"async\" draggable=\"false\">\n            <\/a>\n              <\/li>\n            <li data-aos=\"fade-top\" data-aos-delay=\"450\">\n                    <a href=\"https:\/\/www.agadir-oufella.ma\/wp-content\/uploads\/2023\/01\/2AO1207-scaled.jpg\" data-sub-html=\"_2AO1207\">\n              <img class=\"\" src=\"https:\/\/www.agadir-oufella.ma\/wp-content\/uploads\/2023\/01\/2AO1207-scaled.jpg\" alt=\"\" width=\"416px\" height=\"573px\" decoding=\"async\" draggable=\"false\">\n            <\/a>\n              <\/li>\n            <li data-aos=\"fade-top\" data-aos-delay=\"600\">\n                    <a href=\"https:\/\/www.agadir-oufella.ma\/wp-content\/uploads\/2023\/01\/2AO1333-scaled.jpg\" data-sub-html=\"_2AO1333\">\n              <img class=\"\" src=\"https:\/\/www.agadir-oufella.ma\/wp-content\/uploads\/2023\/01\/2AO1333-scaled.jpg\" alt=\"\" width=\"416px\" height=\"573px\" decoding=\"async\" draggable=\"false\">\n            <\/a>\n              <\/li>\n            <li data-aos=\"fade-top\" data-aos-delay=\"750\">\n                    <a href=\"https:\/\/www.agadir-oufella.ma\/wp-content\/uploads\/2023\/01\/2AO1399-scaled.jpg\" data-sub-html=\"_2AO1399\">\n              <img class=\"\" src=\"https:\/\/www.agadir-oufella.ma\/wp-content\/uploads\/2023\/01\/2AO1399-scaled.jpg\" alt=\"\" width=\"416px\" height=\"573px\" decoding=\"async\" draggable=\"false\">\n            <\/a>\n              <\/li>\n            <li data-aos=\"fade-top\" data-aos-delay=\"10\">\n                    <a href=\"https:\/\/www.agadir-oufella.ma\/wp-content\/uploads\/2023\/01\/2AO1420-scaled.jpg\" data-sub-html=\"_2AO1420\">\n              <img class=\"\" src=\"https:\/\/www.agadir-oufella.ma\/wp-content\/uploads\/2023\/01\/2AO1420-scaled.jpg\" alt=\"\" width=\"416px\" height=\"573px\" decoding=\"async\" draggable=\"false\">\n            <\/a>\n              <\/li>\n            <li data-aos=\"fade-top\" data-aos-delay=\"10\">\n                    <a href=\"https:\/\/www.agadir-oufella.ma\/wp-content\/uploads\/2023\/01\/VTB0096-scaled.jpg\" data-sub-html=\"_VTB0096\">\n              <img class=\"\" src=\"https:\/\/www.agadir-oufella.ma\/wp-content\/uploads\/2023\/01\/VTB0096-scaled.jpg\" alt=\"\" width=\"416px\" height=\"573px\" decoding=\"async\" draggable=\"false\">\n            <\/a>\n              <\/li>\n            <li data-aos=\"fade-top\" data-aos-delay=\"10\">\n                    <a href=\"https:\/\/www.agadir-oufella.ma\/wp-content\/uploads\/2023\/01\/VTB0344-scaled.jpg\" data-sub-html=\"_VTB0344\">\n              <img class=\"\" src=\"https:\/\/www.agadir-oufella.ma\/wp-content\/uploads\/2023\/01\/VTB0344-scaled.jpg\" alt=\"\" width=\"416px\" height=\"573px\" decoding=\"async\" draggable=\"false\">\n            <\/a>\n              <\/li>\n            <li data-aos=\"fade-top\" data-aos-delay=\"10\">\n                    <a href=\"https:\/\/www.agadir-oufella.ma\/wp-content\/uploads\/2023\/01\/VTB0677-scaled.jpg\" data-sub-html=\"_VTB0677\">\n              <img class=\"\" src=\"https:\/\/www.agadir-oufella.ma\/wp-content\/uploads\/2023\/01\/VTB0677-scaled.jpg\" alt=\"\" width=\"416px\" height=\"573px\" decoding=\"async\" draggable=\"false\">\n            <\/a>\n              <\/li>\n          <\/ul>\n  <\/section>\n  ","protected":false},"excerpt":{"rendered":"","protected":false},"author":1,"featured_media":9610,"comment_status":"open","ping_status":"open","sticky":false,"template":"","format":"standard","meta":{"inline_featured_image":false,"footnotes":""},"categories":[55],"tags":[],"class_list":["post-9512","post","type-post","status-publish","format-standard","has-post-thumbnail","hentry","category-culture"],"featured_image_src":"https:\/\/www.agadir-oufella.ma\/wp-content\/uploads\/2023\/01\/VTB0096-1024x576.jpg","blog_images":{"medium":"https:\/\/www.agadir-oufella.ma\/wp-content\/uploads\/2023\/01\/VTB0096-300x169.jpg","large":"https:\/\/www.agadir-oufella.ma\/wp-content\/uploads\/2023\/01\/VTB0096-1024x576.jpg"},"yoast_head":"<!-- This site is optimized with the Yoast SEO plugin v25.0 - https:\/\/yoast.com\/wordpress\/plugins\/seo\/ -->\n<title>Agadir Oufella c\u00e9l\u00e8bre le nouvel an Amazigh (Yennayer) - Kasbah d&#039;Agadir Oufella<\/title>\n<meta name=\"robots\" content=\"index, follow, max-snippet:-1, max-image-preview:large, max-video-preview:-1\" \/>\n<link rel=\"canonical\" href=\"https:\/\/www.agadir-oufella.ma\/fr\/agadir-oufella-celebre-le-nouvel-an-amazigh-yennayer\/\" \/>\n<meta property=\"og:locale\" content=\"fr_FR\" \/>\n<meta property=\"og:type\" content=\"article\" \/>\n<meta property=\"og:title\" content=\"Agadir Oufella c\u00e9l\u00e8bre le nouvel an Amazigh (Yennayer) - Kasbah d&#039;Agadir Oufella\" \/>\n<meta property=\"og:url\" content=\"https:\/\/www.agadir-oufella.ma\/fr\/agadir-oufella-celebre-le-nouvel-an-amazigh-yennayer\/\" \/>\n<meta property=\"og:site_name\" content=\"Kasbah d&#039;Agadir Oufella\" \/>\n<meta property=\"article:published_time\" content=\"2023-01-18T08:18:27+00:00\" \/>\n<meta property=\"article:modified_time\" content=\"2023-01-20T16:05:15+00:00\" \/>\n<meta property=\"og:image\" content=\"https:\/\/www.agadir-oufella.ma\/wp-content\/uploads\/2023\/01\/VTB0096-scaled.jpg\" \/>\n\t<meta property=\"og:image:width\" content=\"2560\" \/>\n\t<meta property=\"og:image:height\" content=\"1440\" \/>\n\t<meta property=\"og:image:type\" content=\"image\/jpeg\" \/>\n<meta name=\"author\" content=\"admin\" \/>\n<meta name=\"twitter:card\" content=\"summary_large_image\" \/>\n<meta name=\"twitter:label1\" content=\"\u00c9crit par\" \/>\n\t<meta name=\"twitter:data1\" content=\"admin\" \/>\n<script type=\"application\/ld+json\" class=\"yoast-schema-graph\">{\"@context\":\"https:\/\/schema.org\",\"@graph\":[{\"@type\":\"Article\",\"@id\":\"https:\/\/www.agadir-oufella.ma\/fr\/agadir-oufella-celebre-le-nouvel-an-amazigh-yennayer\/#article\",\"isPartOf\":{\"@id\":\"https:\/\/www.agadir-oufella.ma\/fr\/agadir-oufella-celebre-le-nouvel-an-amazigh-yennayer\/\"},\"author\":{\"name\":\"admin\",\"@id\":\"https:\/\/www.agadir-oufella.ma\/fr\/#\/schema\/person\/c80e446651030fdbb3a1b49719d05bdc\"},\"headline\":\"Agadir Oufella c\u00e9l\u00e8bre le nouvel an Amazigh (Yennayer)\",\"datePublished\":\"2023-01-18T08:18:27+00:00\",\"dateModified\":\"2023-01-20T16:05:15+00:00\",\"mainEntityOfPage\":{\"@id\":\"https:\/\/www.agadir-oufella.ma\/fr\/agadir-oufella-celebre-le-nouvel-an-amazigh-yennayer\/\"},\"wordCount\":10,\"commentCount\":0,\"publisher\":{\"@id\":\"https:\/\/www.agadir-oufella.ma\/fr\/#organization\"},\"image\":{\"@id\":\"https:\/\/www.agadir-oufella.ma\/fr\/agadir-oufella-celebre-le-nouvel-an-amazigh-yennayer\/#primaryimage\"},\"thumbnailUrl\":\"https:\/\/www.agadir-oufella.ma\/wp-content\/uploads\/2023\/01\/VTB0096-scaled.jpg\",\"articleSection\":[\"Culture\"],\"inLanguage\":\"fr-FR\",\"potentialAction\":[{\"@type\":\"CommentAction\",\"name\":\"Comment\",\"target\":[\"https:\/\/www.agadir-oufella.ma\/fr\/agadir-oufella-celebre-le-nouvel-an-amazigh-yennayer\/#respond\"]}]},{\"@type\":\"WebPage\",\"@id\":\"https:\/\/www.agadir-oufella.ma\/fr\/agadir-oufella-celebre-le-nouvel-an-amazigh-yennayer\/\",\"url\":\"https:\/\/www.agadir-oufella.ma\/fr\/agadir-oufella-celebre-le-nouvel-an-amazigh-yennayer\/\",\"name\":\"Agadir Oufella c\u00e9l\u00e8bre le nouvel an Amazigh (Yennayer) - Kasbah d&#039;Agadir Oufella\",\"isPartOf\":{\"@id\":\"https:\/\/www.agadir-oufella.ma\/fr\/#website\"},\"primaryImageOfPage\":{\"@id\":\"https:\/\/www.agadir-oufella.ma\/fr\/agadir-oufella-celebre-le-nouvel-an-amazigh-yennayer\/#primaryimage\"},\"image\":{\"@id\":\"https:\/\/www.agadir-oufella.ma\/fr\/agadir-oufella-celebre-le-nouvel-an-amazigh-yennayer\/#primaryimage\"},\"thumbnailUrl\":\"https:\/\/www.agadir-oufella.ma\/wp-content\/uploads\/2023\/01\/VTB0096-scaled.jpg\",\"datePublished\":\"2023-01-18T08:18:27+00:00\",\"dateModified\":\"2023-01-20T16:05:15+00:00\",\"breadcrumb\":{\"@id\":\"https:\/\/www.agadir-oufella.ma\/fr\/agadir-oufella-celebre-le-nouvel-an-amazigh-yennayer\/#breadcrumb\"},\"inLanguage\":\"fr-FR\",\"potentialAction\":[{\"@type\":\"ReadAction\",\"target\":[\"https:\/\/www.agadir-oufella.ma\/fr\/agadir-oufella-celebre-le-nouvel-an-amazigh-yennayer\/\"]}]},{\"@type\":\"ImageObject\",\"inLanguage\":\"fr-FR\",\"@id\":\"https:\/\/www.agadir-oufella.ma\/fr\/agadir-oufella-celebre-le-nouvel-an-amazigh-yennayer\/#primaryimage\",\"url\":\"https:\/\/www.agadir-oufella.ma\/wp-content\/uploads\/2023\/01\/VTB0096-scaled.jpg\",\"contentUrl\":\"https:\/\/www.agadir-oufella.ma\/wp-content\/uploads\/2023\/01\/VTB0096-scaled.jpg\",\"width\":2560,\"height\":1440},{\"@type\":\"BreadcrumbList\",\"@id\":\"https:\/\/www.agadir-oufella.ma\/fr\/agadir-oufella-celebre-le-nouvel-an-amazigh-yennayer\/#breadcrumb\",\"itemListElement\":[{\"@type\":\"ListItem\",\"position\":1,\"name\":\"Accueil\",\"item\":\"https:\/\/www.agadir-oufella.ma\/fr\/\"},{\"@type\":\"ListItem\",\"position\":2,\"name\":\"Agadir Oufella c\u00e9l\u00e8bre le nouvel an Amazigh (Yennayer)\"}]},{\"@type\":\"WebSite\",\"@id\":\"https:\/\/www.agadir-oufella.ma\/fr\/#website\",\"url\":\"https:\/\/www.agadir-oufella.ma\/fr\/\",\"name\":\"Kasbah d&#039;Agadir Oufella\",\"description\":\"\",\"publisher\":{\"@id\":\"https:\/\/www.agadir-oufella.ma\/fr\/#organization\"},\"potentialAction\":[{\"@type\":\"SearchAction\",\"target\":{\"@type\":\"EntryPoint\",\"urlTemplate\":\"https:\/\/www.agadir-oufella.ma\/fr\/?s={search_term_string}\"},\"query-input\":{\"@type\":\"PropertyValueSpecification\",\"valueRequired\":true,\"valueName\":\"search_term_string\"}}],\"inLanguage\":\"fr-FR\"},{\"@type\":\"Organization\",\"@id\":\"https:\/\/www.agadir-oufella.ma\/fr\/#organization\",\"name\":\"Kasbah d&#039;Agadir Oufella\",\"url\":\"https:\/\/www.agadir-oufella.ma\/fr\/\",\"logo\":{\"@type\":\"ImageObject\",\"inLanguage\":\"fr-FR\",\"@id\":\"https:\/\/www.agadir-oufella.ma\/fr\/#\/schema\/logo\/image\/\",\"url\":\"https:\/\/www.agadir-oufella.ma\/wp-content\/uploads\/2023\/09\/LOGOAGOF.svg\",\"contentUrl\":\"https:\/\/www.agadir-oufella.ma\/wp-content\/uploads\/2023\/09\/LOGOAGOF.svg\",\"width\":150,\"height\":150,\"caption\":\"Kasbah d&#039;Agadir Oufella\"},\"image\":{\"@id\":\"https:\/\/www.agadir-oufella.ma\/fr\/#\/schema\/logo\/image\/\"}},{\"@type\":\"Person\",\"@id\":\"https:\/\/www.agadir-oufella.ma\/fr\/#\/schema\/person\/c80e446651030fdbb3a1b49719d05bdc\",\"name\":\"admin\",\"image\":{\"@type\":\"ImageObject\",\"inLanguage\":\"fr-FR\",\"@id\":\"https:\/\/www.agadir-oufella.ma\/fr\/#\/schema\/person\/image\/\",\"url\":\"https:\/\/secure.gravatar.com\/avatar\/6c6acd8d11df5bd22a439cde5b5f75a35e4eb67246634e00557034b6954fc02b?s=96&d=mm&r=g\",\"contentUrl\":\"https:\/\/secure.gravatar.com\/avatar\/6c6acd8d11df5bd22a439cde5b5f75a35e4eb67246634e00557034b6954fc02b?s=96&d=mm&r=g\",\"caption\":\"admin\"},\"sameAs\":[\"https:\/\/www.agadir-oufella.ma\"],\"url\":\"https:\/\/www.agadir-oufella.ma\/fr\/author\/admin\/\"}]}<\/script>\n<!-- \/ Yoast SEO plugin. -->","yoast_head_json":{"title":"Agadir Oufella c\u00e9l\u00e8bre le nouvel an Amazigh (Yennayer) - Kasbah d&#039;Agadir Oufella","robots":{"index":"index","follow":"follow","max-snippet":"max-snippet:-1","max-image-preview":"max-image-preview:large","max-video-preview":"max-video-preview:-1"},"canonical":"https:\/\/www.agadir-oufella.ma\/fr\/agadir-oufella-celebre-le-nouvel-an-amazigh-yennayer\/","og_locale":"fr_FR","og_type":"article","og_title":"Agadir Oufella c\u00e9l\u00e8bre le nouvel an Amazigh (Yennayer) - Kasbah d&#039;Agadir Oufella","og_url":"https:\/\/www.agadir-oufella.ma\/fr\/agadir-oufella-celebre-le-nouvel-an-amazigh-yennayer\/","og_site_name":"Kasbah d&#039;Agadir Oufella","article_published_time":"2023-01-18T08:18:27+00:00","article_modified_time":"2023-01-20T16:05:15+00:00","og_image":[{"width":2560,"height":1440,"url":"https:\/\/www.agadir-oufella.ma\/wp-content\/uploads\/2023\/01\/VTB0096-scaled.jpg","type":"image\/jpeg"}],"author":"admin","twitter_card":"summary_large_image","twitter_misc":{"\u00c9crit par":"admin"},"schema":{"@context":"https:\/\/schema.org","@graph":[{"@type":"Article","@id":"https:\/\/www.agadir-oufella.ma\/fr\/agadir-oufella-celebre-le-nouvel-an-amazigh-yennayer\/#article","isPartOf":{"@id":"https:\/\/www.agadir-oufella.ma\/fr\/agadir-oufella-celebre-le-nouvel-an-amazigh-yennayer\/"},"author":{"name":"admin","@id":"https:\/\/www.agadir-oufella.ma\/fr\/#\/schema\/person\/c80e446651030fdbb3a1b49719d05bdc"},"headline":"Agadir Oufella c\u00e9l\u00e8bre le nouvel an Amazigh (Yennayer)","datePublished":"2023-01-18T08:18:27+00:00","dateModified":"2023-01-20T16:05:15+00:00","mainEntityOfPage":{"@id":"https:\/\/www.agadir-oufella.ma\/fr\/agadir-oufella-celebre-le-nouvel-an-amazigh-yennayer\/"},"wordCount":10,"commentCount":0,"publisher":{"@id":"https:\/\/www.agadir-oufella.ma\/fr\/#organization"},"image":{"@id":"https:\/\/www.agadir-oufella.ma\/fr\/agadir-oufella-celebre-le-nouvel-an-amazigh-yennayer\/#primaryimage"},"thumbnailUrl":"https:\/\/www.agadir-oufella.ma\/wp-content\/uploads\/2023\/01\/VTB0096-scaled.jpg","articleSection":["Culture"],"inLanguage":"fr-FR","potentialAction":[{"@type":"CommentAction","name":"Comment","target":["https:\/\/www.agadir-oufella.ma\/fr\/agadir-oufella-celebre-le-nouvel-an-amazigh-yennayer\/#respond"]}]},{"@type":"WebPage","@id":"https:\/\/www.agadir-oufella.ma\/fr\/agadir-oufella-celebre-le-nouvel-an-amazigh-yennayer\/","url":"https:\/\/www.agadir-oufella.ma\/fr\/agadir-oufella-celebre-le-nouvel-an-amazigh-yennayer\/","name":"Agadir Oufella c\u00e9l\u00e8bre le nouvel an Amazigh (Yennayer) - Kasbah d&#039;Agadir Oufella","isPartOf":{"@id":"https:\/\/www.agadir-oufella.ma\/fr\/#website"},"primaryImageOfPage":{"@id":"https:\/\/www.agadir-oufella.ma\/fr\/agadir-oufella-celebre-le-nouvel-an-amazigh-yennayer\/#primaryimage"},"image":{"@id":"https:\/\/www.agadir-oufella.ma\/fr\/agadir-oufella-celebre-le-nouvel-an-amazigh-yennayer\/#primaryimage"},"thumbnailUrl":"https:\/\/www.agadir-oufella.ma\/wp-content\/uploads\/2023\/01\/VTB0096-scaled.jpg","datePublished":"2023-01-18T08:18:27+00:00","dateModified":"2023-01-20T16:05:15+00:00","breadcrumb":{"@id":"https:\/\/www.agadir-oufella.ma\/fr\/agadir-oufella-celebre-le-nouvel-an-amazigh-yennayer\/#breadcrumb"},"inLanguage":"fr-FR","potentialAction":[{"@type":"ReadAction","target":["https:\/\/www.agadir-oufella.ma\/fr\/agadir-oufella-celebre-le-nouvel-an-amazigh-yennayer\/"]}]},{"@type":"ImageObject","inLanguage":"fr-FR","@id":"https:\/\/www.agadir-oufella.ma\/fr\/agadir-oufella-celebre-le-nouvel-an-amazigh-yennayer\/#primaryimage","url":"https:\/\/www.agadir-oufella.ma\/wp-content\/uploads\/2023\/01\/VTB0096-scaled.jpg","contentUrl":"https:\/\/www.agadir-oufella.ma\/wp-content\/uploads\/2023\/01\/VTB0096-scaled.jpg","width":2560,"height":1440},{"@type":"BreadcrumbList","@id":"https:\/\/www.agadir-oufella.ma\/fr\/agadir-oufella-celebre-le-nouvel-an-amazigh-yennayer\/#breadcrumb","itemListElement":[{"@type":"ListItem","position":1,"name":"Accueil","item":"https:\/\/www.agadir-oufella.ma\/fr\/"},{"@type":"ListItem","position":2,"name":"Agadir Oufella c\u00e9l\u00e8bre le nouvel an Amazigh (Yennayer)"}]},{"@type":"WebSite","@id":"https:\/\/www.agadir-oufella.ma\/fr\/#website","url":"https:\/\/www.agadir-oufella.ma\/fr\/","name":"Kasbah d&#039;Agadir Oufella","description":"","publisher":{"@id":"https:\/\/www.agadir-oufella.ma\/fr\/#organization"},"potentialAction":[{"@type":"SearchAction","target":{"@type":"EntryPoint","urlTemplate":"https:\/\/www.agadir-oufella.ma\/fr\/?s={search_term_string}"},"query-input":{"@type":"PropertyValueSpecification","valueRequired":true,"valueName":"search_term_string"}}],"inLanguage":"fr-FR"},{"@type":"Organization","@id":"https:\/\/www.agadir-oufella.ma\/fr\/#organization","name":"Kasbah d&#039;Agadir Oufella","url":"https:\/\/www.agadir-oufella.ma\/fr\/","logo":{"@type":"ImageObject","inLanguage":"fr-FR","@id":"https:\/\/www.agadir-oufella.ma\/fr\/#\/schema\/logo\/image\/","url":"https:\/\/www.agadir-oufella.ma\/wp-content\/uploads\/2023\/09\/LOGOAGOF.svg","contentUrl":"https:\/\/www.agadir-oufella.ma\/wp-content\/uploads\/2023\/09\/LOGOAGOF.svg","width":150,"height":150,"caption":"Kasbah d&#039;Agadir Oufella"},"image":{"@id":"https:\/\/www.agadir-oufella.ma\/fr\/#\/schema\/logo\/image\/"}},{"@type":"Person","@id":"https:\/\/www.agadir-oufella.ma\/fr\/#\/schema\/person\/c80e446651030fdbb3a1b49719d05bdc","name":"admin","image":{"@type":"ImageObject","inLanguage":"fr-FR","@id":"https:\/\/www.agadir-oufella.ma\/fr\/#\/schema\/person\/image\/","url":"https:\/\/secure.gravatar.com\/avatar\/6c6acd8d11df5bd22a439cde5b5f75a35e4eb67246634e00557034b6954fc02b?s=96&d=mm&r=g","contentUrl":"https:\/\/secure.gravatar.com\/avatar\/6c6acd8d11df5bd22a439cde5b5f75a35e4eb67246634e00557034b6954fc02b?s=96&d=mm&r=g","caption":"admin"},"sameAs":["https:\/\/www.agadir-oufella.ma"],"url":"https:\/\/www.agadir-oufella.ma\/fr\/author\/admin\/"}]}},"_links":{"self":[{"href":"https:\/\/www.agadir-oufella.ma\/fr\/wp-json\/wp\/v2\/posts\/9512","targetHints":{"allow":["GET"]}}],"collection":[{"href":"https:\/\/www.agadir-oufella.ma\/fr\/wp-json\/wp\/v2\/posts"}],"about":[{"href":"https:\/\/www.agadir-oufella.ma\/fr\/wp-json\/wp\/v2\/types\/post"}],"author":[{"embeddable":true,"href":"https:\/\/www.agadir-oufella.ma\/fr\/wp-json\/wp\/v2\/users\/1"}],"replies":[{"embeddable":true,"href":"https:\/\/www.agadir-oufella.ma\/fr\/wp-json\/wp\/v2\/comments?post=9512"}],"version-history":[{"count":48,"href":"https:\/\/www.agadir-oufella.ma\/fr\/wp-json\/wp\/v2\/posts\/9512\/revisions"}],"predecessor-version":[{"id":10954,"href":"https:\/\/www.agadir-oufella.ma\/fr\/wp-json\/wp\/v2\/posts\/9512\/revisions\/10954"}],"wp:featuredmedia":[{"embeddable":true,"href":"https:\/\/www.agadir-oufella.ma\/fr\/wp-json\/wp\/v2\/media\/9610"}],"wp:attachment":[{"href":"https:\/\/www.agadir-oufella.ma\/fr\/wp-json\/wp\/v2\/media?parent=9512"}],"wp:term":[{"taxonomy":"category","embeddable":true,"href":"https:\/\/www.agadir-oufella.ma\/fr\/wp-json\/wp\/v2\/categories?post=9512"},{"taxonomy":"post_tag","embeddable":true,"href":"https:\/\/www.agadir-oufella.ma\/fr\/wp-json\/wp\/v2\/tags?post=9512"}],"curies":[{"name":"wp","href":"https:\/\/api.w.org\/{rel}","templated":true}]}}